{"id":144737,"date":"2026-09-04T13:45:37","date_gmt":"2026-09-04T20:45:37","guid":{"rendered":"https:\/\/plataformanoticias.mx\/?p=144737"},"modified":"2026-09-04T13:45:37","modified_gmt":"2026-09-04T20:45:37","slug":"sipinna-ahome-iniciara-jornada-para-prevenir-abuso-y-maltrato-infantil-en-escuelas","status":"publish","type":"post","link":"https:\/\/plataformanoticias.mx\/?p=144737","title":{"rendered":"SIPINNA Ahome iniciar\u00e1 jornada para prevenir abuso y maltrato infantil en escuelas"},"content":{"rendered":"<p class=\"s6\"><span class=\"s7\">Elizabeth Ch\u00eda Galaviz inform\u00f3 que las acciones comenzar\u00e1n el pr\u00f3ximo 7 de septiembre y destac\u00f3 que m\u00e1s de 600 docentes ya han sido capacitados en temas de prevenci\u00f3n y protocolos de atenci\u00f3n<\/span><span class=\"s7\">&#8230;<\/span><\/p>\n<p class=\"s6\"><span class=\"s9\">\u00a0<\/span><\/p>\n<p class=\"s6\"><strong><span class=\"s9\"><span class=\"bumpedFont15\">Los Mochis, <\/span><\/span><span class=\"s9\"><span class=\"bumpedFont15\">Ahome, <\/span><\/span><span class=\"s9\"><span class=\"bumpedFont15\">Sinaloa<\/span><\/span><\/strong><span class=\"s9\"><span class=\"bumpedFont15\">.- <\/span><\/span><span class=\"s10\"><span class=\"bumpedFont15\">Con el objetivo de que ni\u00f1as, ni\u00f1os y adolescentes cuenten con herramientas para identificar situaciones de riesgo y sepan c\u00f3mo solicitar ayuda, el Sistema de Protecci\u00f3n Integral de Ni\u00f1as, Ni\u00f1os y Adolescentes de Ahome (SIPINNA) iniciar\u00e1 el pr\u00f3ximo 7 de septiembre una Jornada de Concientizaci\u00f3n sobre la Gravedad del Abuso Sexual y el Maltrato Infantil.<\/span><\/span><\/p>\n<p class=\"s6\"><span class=\"s10\">\u00a0<\/span><\/p>\n<p class=\"s6\"><span class=\"s10\"><span class=\"bumpedFont15\">Elizabeth Ch\u00eda Galaviz, <\/span><\/span><span class=\"s10\"><span class=\"bumpedFont15\">Secretaria Ejecutiva<\/span><\/span><span class=\"s10\"><span class=\"bumpedFont15\"> de SIPINNA Ahome, inform\u00f3 que el organismo mantiene un trabajo permanente de prevenci\u00f3n y capacitaci\u00f3n dirigido tanto a estudiantes como a personal docente, en coordinaci\u00f3n con instituciones educativas y dependencias de los distintos \u00f3rdenes de gobierno.<\/span><\/span><\/p>\n<p class=\"s6\"><span class=\"s10\">\u00a0<\/span><\/p>\n<p class=\"s6\"><span class=\"s10\"><span class=\"bumpedFont15\">Explic\u00f3 que esta jornada se desarrollar\u00e1 en coordinaci\u00f3n con la Secretar\u00eda de Educaci\u00f3n P\u00fablica y, en el \u00e1mbito municipal, con la Direcci\u00f3n de Educaci\u00f3n de Ahome, con la intenci\u00f3n de llegar al mayor n\u00famero posible de ni\u00f1as, ni\u00f1os y adolescentes.<\/span><\/span><\/p>\n<p class=\"s6\"><span class=\"s10\">\u00a0<\/span><\/p>\n<p class=\"s6\"><span class=\"s10\"><span class=\"bumpedFont15\">\u201cLo importante es concientizar y sensibilizar a ni\u00f1as, ni\u00f1os y adolescentes para que puedan detectar entornos de riesgo o de violencia, y tengan informaci\u00f3n de primera mano para poder recibir ayuda\u201d, expres\u00f3.<\/span><\/span><\/p>\n<p class=\"s6\"><span class=\"s10\">\u00a0<\/span><\/p>\n<p class=\"s6\"><span class=\"s10\"><span class=\"bumpedFont15\">Ch\u00eda Galaviz detall\u00f3 que, como parte de estas acciones, SIPINNA ya visita instituciones educativas de nivel b\u00e1sico para impartir pl\u00e1ticas sobre prevenci\u00f3n del abuso sexual y el maltrato infantil.<\/span><\/span><\/p>\n<p class=\"s6\"><span class=\"s10\"> <img loading=\"lazy\" decoding=\"async\" class=\"alignnone size-medium wp-image-144739\" src=\"https:\/\/plataformanoticias.mx\/wp-content\/uploads\/2026\/09\/6c4d9209-8d46-461a-9e7d-68fdc9224047-300x225.jpeg\" alt=\"\" width=\"300\" height=\"225\" srcset=\"https:\/\/plataformanoticias.mx\/wp-content\/uploads\/2026\/09\/6c4d9209-8d46-461a-9e7d-68fdc9224047-300x225.jpeg 300w, https:\/\/plataformanoticias.mx\/wp-content\/uploads\/2026\/09\/6c4d9209-8d46-461a-9e7d-68fdc9224047-768x577.jpeg 768w, https:\/\/plataformanoticias.mx\/wp-content\/uploads\/2026\/09\/6c4d9209-8d46-461a-9e7d-68fdc9224047.jpeg 800w\" sizes=\"auto, (max-width: 300px) 100vw, 300px\" \/><\/span><\/p>\n<p class=\"s6\"><span class=\"s10\"><span class=\"bumpedFont15\">Agreg\u00f3 que tambi\u00e9n existe coordinaci\u00f3n con <\/span><\/span><span class=\"s10\"><span class=\"bumpedFont15\">SEPyC<\/span><\/span><span class=\"s10\"><span class=\"bumpedFont15\"> para llevar a los planteles capacitaci\u00f3n relacionada con los protocolos de actuaci\u00f3n para la erradicaci\u00f3n de las violencias y el abuso sexual.<\/span><\/span><\/p>\n<p class=\"s6\"><span class=\"s10\">\u00a0<\/span><\/p>\n<p class=\"s6\"><span class=\"s10\"><span class=\"bumpedFont15\">La funcionaria destac\u00f3 que estos trabajos han permitido capacitar a m\u00e1s de 600 docentes, quienes reciben informaci\u00f3n que les ayuda a conocer las rutas de atenci\u00f3n y la forma adecuada de actuar ante posibles casos de violencia contra menores de edad.<\/span><\/span><\/p>\n<p class=\"s6\"><span class=\"s10\">\u00a0<\/span><\/p>\n<p class=\"s6\"><span class=\"s10\"><span class=\"bumpedFont15\">Asimismo, record\u00f3 que recientemente participaron en un foro organizado por la Direcci\u00f3n de Educaci\u00f3n del Ayuntamiento de Ahome, en el cual estuvieron representadas instancias como la <\/span><\/span><span class=\"s10\"><span class=\"bumpedFont15\">Vicefiscal\u00eda<\/span><\/span><span class=\"s10\"><span class=\"bumpedFont15\">, Secretar\u00eda de las Mujeres y Procuradur\u00eda, entre otras dependencias.<\/span><\/span><\/p>\n<p class=\"s6\"><span class=\"s10\">\u00a0<\/span><\/p>\n<p class=\"s6\"><span class=\"s10\"><span class=\"bumpedFont15\">Explic\u00f3 que este tipo de encuentros permiten que la comunidad docente conozca las atribuciones de cada instituci\u00f3n, mejore la comunicaci\u00f3n entre autoridades y escuelas, y se reduzca el riesgo de revictimizaci\u00f3n durante la atenci\u00f3n de posibles casos.<\/span><\/span><\/p>\n<p class=\"s6\"><span class=\"s10\">\u00a0<\/span><\/p>\n<p class=\"s6\"><span class=\"s10\"><span class=\"bumpedFont15\">Ch\u00eda Galaviz subray\u00f3 adem\u00e1s que la protecci\u00f3n de ni\u00f1as, ni\u00f1os y adolescentes no corresponde \u00fanicamente a las instituciones, sino que requiere de la <\/span><\/span><span class=\"s10\"><span class=\"bumpedFont15\">participaci\u00f3n activa<\/span><\/span><span class=\"s10\"><span class=\"bumpedFont15\"> de padres de familia y tutores.<\/span><\/span><\/p>\n<p class=\"s6\"><span class=\"s10\">\u00a0<\/span><\/p>\n<p class=\"s6\"><span class=\"s10\"><span class=\"bumpedFont15\">\u201cEl llamado es estar muy al pendiente de sus ni\u00f1os, de no normalizar la violencia. Creo que eso es un dato muy importante, y ser part\u00edcipes de esa responsabilidad y compromiso que tenemos al ser padres, madres o tutores\u201d, puntualiz\u00f3.<\/span><\/span><\/p>\n","protected":false},"excerpt":{"rendered":"<p>Elizabeth Ch\u00eda Galaviz inform\u00f3 que las acciones comenzar\u00e1n el pr\u00f3ximo 7 de septiembre y destac\u00f3 que m\u00e1s de 600 docentes ya han sido capacitados en temas de prevenci\u00f3n y protocolos de atenci\u00f3n&#8230; \u00a0 Los Mochis, Ahome, Sinaloa.- Con el objetivo de que ni\u00f1as, ni\u00f1os y adolescentes cuenten con herramientas para identificar situaciones de riesgo y<\/p>\n","protected":false},"author":6,"featured_media":144740,"comment_status":"closed","ping_status":"closed","sticky":false,"template":"","format":"standard","meta":{"footnotes":""},"categories":[38],"tags":[],"class_list":["post-144737","post","type-post","status-publish","format-standard","has-post-thumbnail","hentry","category-locales"],"_links":{"self":[{"href":"https:\/\/plataformanoticias.mx\/index.php?rest_route=\/wp\/v2\/posts\/144737","targetHints":{"allow":["GET"]}}],"collection":[{"href":"https:\/\/plataformanoticias.mx\/index.php?rest_route=\/wp\/v2\/posts"}],"about":[{"href":"https:\/\/plataformanoticias.mx\/index.php?rest_route=\/wp\/v2\/types\/post"}],"author":[{"embeddable":true,"href":"https:\/\/plataformanoticias.mx\/index.php?rest_route=\/wp\/v2\/users\/6"}],"replies":[{"embeddable":true,"href":"https:\/\/plataformanoticias.mx\/index.php?rest_route=%2Fwp%2Fv2%2Fcomments&post=144737"}],"version-history":[{"count":1,"href":"https:\/\/plataformanoticias.mx\/index.php?rest_route=\/wp\/v2\/posts\/144737\/revisions"}],"predecessor-version":[{"id":144741,"href":"https:\/\/plataformanoticias.mx\/index.php?rest_route=\/wp\/v2\/posts\/144737\/revisions\/144741"}],"wp:featuredmedia":[{"embeddable":true,"href":"https:\/\/plataformanoticias.mx\/index.php?rest_route=\/wp\/v2\/media\/144740"}],"wp:attachment":[{"href":"https:\/\/plataformanoticias.mx\/index.php?rest_route=%2Fwp%2Fv2%2Fmedia&parent=144737"}],"wp:term":[{"taxonomy":"category","embeddable":true,"href":"https:\/\/plataformanoticias.mx\/index.php?rest_route=%2Fwp%2Fv2%2Fcategories&post=144737"},{"taxonomy":"post_tag","embeddable":true,"href":"https:\/\/plataformanoticias.mx\/index.php?rest_route=%2Fwp%2Fv2%2Ftags&post=144737"}],"curies":[{"name":"wp","href":"https:\/\/api.w.org\/{rel}","templated":true}]}}