{"id":144755,"date":"2026-09-04T13:56:33","date_gmt":"2026-09-04T20:56:33","guid":{"rendered":"https:\/\/plataformanoticias.mx\/?p=144755"},"modified":"2026-09-04T13:56:33","modified_gmt":"2026-09-04T20:56:33","slug":"capacita-congreso-de-sinaloa-a-su-unidad-interna-de-proteccion-civil-en-prevencion-y-atencion-de-emergencias","status":"publish","type":"post","link":"https:\/\/plataformanoticias.mx\/?p=144755","title":{"rendered":"Capacita Congreso de Sinaloa a su Unidad Interna de Protecci\u00f3n Civil en prevenci\u00f3n y atenci\u00f3n de emergencias"},"content":{"rendered":"<p><strong>Culiac\u00e1n, Sinaloa<\/strong>.- Con el objetivo de fortalecer los conocimientos, habilidades y herramientas necesarias para actuar de manera adecuada ante situaciones de emergencia, el Congreso del Estado de Sinaloa, a trav\u00e9s del Instituto de Investigaciones Parlamentarias, puso en marcha el taller de capacitaci\u00f3n \u201cPrevenci\u00f3n y combate de incendios, b\u00fasqueda y rescate, simulacro de evacuaci\u00f3n\u201d, dirigido a las y los integrantes de la Unidad Interna de Protecci\u00f3n Civil del Poder Legislativo.<\/p>\n<p>Durante la inauguraci\u00f3n, la presidenta de la Comisi\u00f3n de Protecci\u00f3n Civil del Congreso del Estado, diputada Reynalda Leyva Ur\u00edas, destac\u00f3 que la capacitaci\u00f3n permitir\u00e1 a las y los brigadistas contar con mayores elementos para prevenir, controlar y responder ante una emergencia por incendio, realizar operaciones b\u00e1sicas de b\u00fasqueda y rescate, as\u00ed como ejecutar correctamente simulacros de evacuaci\u00f3n, priorizando la seguridad tanto del personal como de la ciudadan\u00eda que acude a las instalaciones del Congreso.<\/p>\n<p><img loading=\"lazy\" decoding=\"async\" class=\"alignnone size-medium wp-image-144757\" src=\"https:\/\/plataformanoticias.mx\/wp-content\/uploads\/2026\/09\/e705d8e1-e6ba-4e4b-b261-8c0f3561b1da-300x201.jpeg\" alt=\"\" width=\"300\" height=\"201\" srcset=\"https:\/\/plataformanoticias.mx\/wp-content\/uploads\/2026\/09\/e705d8e1-e6ba-4e4b-b261-8c0f3561b1da-300x201.jpeg 300w, https:\/\/plataformanoticias.mx\/wp-content\/uploads\/2026\/09\/e705d8e1-e6ba-4e4b-b261-8c0f3561b1da-1024x685.jpeg 1024w, https:\/\/plataformanoticias.mx\/wp-content\/uploads\/2026\/09\/e705d8e1-e6ba-4e4b-b261-8c0f3561b1da-768x514.jpeg 768w, https:\/\/plataformanoticias.mx\/wp-content\/uploads\/2026\/09\/e705d8e1-e6ba-4e4b-b261-8c0f3561b1da-1536x1027.jpeg 1536w, https:\/\/plataformanoticias.mx\/wp-content\/uploads\/2026\/09\/e705d8e1-e6ba-4e4b-b261-8c0f3561b1da.jpeg 1600w\" sizes=\"auto, (max-width: 300px) 100vw, 300px\" \/><\/p>\n<p>La legisladora reconoci\u00f3 la disposici\u00f3n y vocaci\u00f3n de servicio de las y los brigadistas participantes, al considerar que su preparaci\u00f3n representa un compromiso con la prevenci\u00f3n y el bienestar colectivo. Asimismo, resalt\u00f3 el respaldo del presidente de la Junta de Coordinaci\u00f3n Pol\u00edtica, diputado Eligio L\u00f3pez Portillo; de la secretaria general del Congreso, doctora Conzuelo Guti\u00e9rrez Guti\u00e9rrez, y de la directora del Instituto de Investigaciones Parlamentarias, doctora Juana Cruz Fern\u00e1ndez, para llevar a cabo estas acciones de capacitaci\u00f3n.<\/p>\n<p>Por su parte, el coordinador municipal de Protecci\u00f3n Civil del Ayuntamiento de Culiac\u00e1n, Jes\u00fas Bill Mendoza Ontiveros, subray\u00f3 que el taller es principalmente pr\u00e1ctico y permite a las y los participantes conocer c\u00f3mo actuar ante situaciones de evacuaci\u00f3n, b\u00fasqueda y rescate, as\u00ed como otros escenarios de emergencia. Se\u00f1al\u00f3 que la autoprotecci\u00f3n constituye uno de los principios fundamentales de la Protecci\u00f3n Civil, pues antes de auxiliar a otras personas es necesario saber c\u00f3mo ponerse a salvo, y destac\u00f3 que los conocimientos adquiridos podr\u00e1n ser replicados en los hogares, centros de trabajo y comunidades.<\/p>\n<p>El taller fue impartido con el apoyo de la Coordinaci\u00f3n Municipal de Protecci\u00f3n Civil de Culiac\u00e1n, a trav\u00e9s del jefe del \u00e1rea de Capacitaci\u00f3n, Juan Alberto Rodr\u00edguez S\u00e1nchez, quien cuenta con 21 a\u00f1os de experiencia en esta materia. Las actividades iniciaron este viernes y concluir\u00e1n hasta el pr\u00f3ximo 7 de septiembre, como parte de las acciones contempladas en el Programa Interno de Protecci\u00f3n Civil del Congreso del Estado.<\/p>\n","protected":false},"excerpt":{"rendered":"<p>Culiac\u00e1n, Sinaloa.- Con el objetivo de fortalecer los conocimientos, habilidades y herramientas necesarias para actuar de manera adecuada ante situaciones de emergencia, el Congreso del Estado de Sinaloa, a trav\u00e9s del Instituto de Investigaciones Parlamentarias, puso en marcha el taller de capacitaci\u00f3n \u201cPrevenci\u00f3n y combate de incendios, b\u00fasqueda y rescate, simulacro de evacuaci\u00f3n\u201d, dirigido a<\/p>\n","protected":false},"author":6,"featured_media":144758,"comment_status":"closed","ping_status":"closed","sticky":false,"template":"","format":"standard","meta":{"footnotes":""},"categories":[31],"tags":[],"class_list":["post-144755","post","type-post","status-publish","format-standard","has-post-thumbnail","hentry","category-politica"],"_links":{"self":[{"href":"https:\/\/plataformanoticias.mx\/index.php?rest_route=\/wp\/v2\/posts\/144755","targetHints":{"allow":["GET"]}}],"collection":[{"href":"https:\/\/plataformanoticias.mx\/index.php?rest_route=\/wp\/v2\/posts"}],"about":[{"href":"https:\/\/plataformanoticias.mx\/index.php?rest_route=\/wp\/v2\/types\/post"}],"author":[{"embeddable":true,"href":"https:\/\/plataformanoticias.mx\/index.php?rest_route=\/wp\/v2\/users\/6"}],"replies":[{"embeddable":true,"href":"https:\/\/plataformanoticias.mx\/index.php?rest_route=%2Fwp%2Fv2%2Fcomments&post=144755"}],"version-history":[{"count":1,"href":"https:\/\/plataformanoticias.mx\/index.php?rest_route=\/wp\/v2\/posts\/144755\/revisions"}],"predecessor-version":[{"id":144759,"href":"https:\/\/plataformanoticias.mx\/index.php?rest_route=\/wp\/v2\/posts\/144755\/revisions\/144759"}],"wp:featuredmedia":[{"embeddable":true,"href":"https:\/\/plataformanoticias.mx\/index.php?rest_route=\/wp\/v2\/media\/144758"}],"wp:attachment":[{"href":"https:\/\/plataformanoticias.mx\/index.php?rest_route=%2Fwp%2Fv2%2Fmedia&parent=144755"}],"wp:term":[{"taxonomy":"category","embeddable":true,"href":"https:\/\/plataformanoticias.mx\/index.php?rest_route=%2Fwp%2Fv2%2Fcategories&post=144755"},{"taxonomy":"post_tag","embeddable":true,"href":"https:\/\/plataformanoticias.mx\/index.php?rest_route=%2Fwp%2Fv2%2Ftags&post=144755"}],"curies":[{"name":"wp","href":"https:\/\/api.w.org\/{rel}","templated":true}]}}