{"id":144778,"date":"2026-09-04T19:25:49","date_gmt":"2026-09-05T02:25:49","guid":{"rendered":"https:\/\/plataformanoticias.mx\/?p=144778"},"modified":"2026-09-04T19:25:49","modified_gmt":"2026-09-05T02:25:49","slug":"gobierno-de-sinaloa-trabaja-en-acuerdos-para-la-ampliacion-de-horarios-en-el-centro-de-culiacan-plazas-comerciales-y-universidades","status":"publish","type":"post","link":"https:\/\/plataformanoticias.mx\/?p=144778","title":{"rendered":"Gobierno de Sinaloa trabaja en acuerdos para la ampliaci\u00f3n de horarios en el centro de Culiac\u00e1n, plazas comerciales y universidades"},"content":{"rendered":"<p>Gobierno del Estado, sectores econ\u00f3micos, universidades y corporaciones de seguridad trabajan de manera coordinada para avanzar en la recuperaci\u00f3n de espacios p\u00fablicos y horarios nocturnos, as\u00ed como en la realizaci\u00f3n de actividades que fortalezcan la movilidad y convivencia de las familias.<\/p>\n<p>&nbsp;<\/p>\n<p><strong>Culiac\u00e1n, Sinaloa.-<\/strong> Por indicaciones de la gobernadora Graciela Dom\u00ednguez Nava y como parte del trabajo coordinado con los diferentes sectores de la sociedad, este d\u00eda se llev\u00f3 a cabo una reuni\u00f3n con representantes de organismos empresariales, comerciantes, plazas comerciales y la comunidad universitaria, con el prop\u00f3sito de escuchar e intercambiar planteamientos respecto a la ampliaci\u00f3n de horarios en el centro de Culiac\u00e1n, el fortalecimiento de rutas de transporte p\u00fablico y las actividades en plazas comerciales y universidades.<\/p>\n<p>La reuni\u00f3n fue encabezada por el secretario de Econom\u00eda, Diego Aguerrebere Espitia; el subsecretario de Gobierno, Rodolfo Jim\u00e9nez; y Andr\u00e9s Villarreal, representante de la Oficina de la Gobernadora.<\/p>\n<p>Durante el encuentro, el secretario de Econom\u00eda, Diego Aguerrebere, se\u00f1al\u00f3 que se trabaja de manera coordinada para generar condiciones que permitan una mayor movilidad de las personas en el centro de la ciudad, as\u00ed como facilitar que estudiantes de escuelas y universidades puedan desarrollar sus actividades durante el turno vespertino.<\/p>\n<p>Destac\u00f3 que el transporte p\u00fablico representa un elemento esencial dentro de este esfuerzo, acompa\u00f1ado de la presencia y coordinaci\u00f3n de las corporaciones de seguridad.<\/p>\n<p>Por su parte, el subsecretario de Gobierno, Rodolfo Jim\u00e9nez, explic\u00f3 que se trabaja en la instrumentaci\u00f3n de acciones que permitan avanzar gradualmente en la recuperaci\u00f3n de horarios nocturnos, mediante acuerdos entre autoridades, comerciantes, instituciones educativas y los distintos sectores involucrados.<\/p>\n<p>Se\u00f1al\u00f3 que este proceso requiere de acciones simult\u00e1neas y coordinadas, en las que participen tanto el comercio como la ciudadan\u00eda. A\u00f1adi\u00f3 que se trabaja en temas de transporte p\u00fablico y seguridad, as\u00ed como en la promoci\u00f3n de actividades culturales en el centro de Culiac\u00e1n y en las diferentes plazas comerciales.<\/p>\n<p>Explic\u00f3 que los avances podr\u00e1n desarrollarse de manera gradual y diferenciada de acuerdo con las caracter\u00edsticas de cada zona, a partir de la coordinaci\u00f3n entre las instituciones y sectores participantes.<\/p>\n<p>En representaci\u00f3n del sector comercial, la presidenta de CANACO Culiac\u00e1n, Guadalupe Zavala Yamaguchi, inform\u00f3 que recientemente el organismo realiz\u00f3 un sondeo entre establecimientos de sus socios ubicados en el centro de la ciudad, con el prop\u00f3sito de conocer su percepci\u00f3n respecto a los horarios de operaci\u00f3n y una posible ampliaci\u00f3n.<\/p>\n<p>Explic\u00f3 que actualmente algunos establecimientos han operado en un horario de 10:00 de la ma\u00f1ana a 7:00 de la noche y que, de acuerdo con lo expresado por comerciantes consultados, existe disposici\u00f3n para avanzar hacia un horario de 11:00 de la ma\u00f1ana a 8:00 de la noche.<\/p>\n<p>Zavala Yamaguchi destac\u00f3 la importancia de mantener el di\u00e1logo y la coordinaci\u00f3n entre autoridades y comerciantes para avanzar de manera conjunta en este proceso.<\/p>\n<p>Andr\u00e9s Villarreal, representante de la Oficina de la Gobernadora Graciela Dom\u00ednguez Nava, destac\u00f3 que uno de los elementos centrales de esta estrategia es fortalecer la movilidad en la ciudad y avanzar de acuerdo con las condiciones e indicadores de seguridad.<\/p>\n<p>Consider\u00f3 que recuperar la movilidad y la presencia de las personas en los distintos espacios de la ciudad es fundamental para avanzar tambi\u00e9n en la percepci\u00f3n y confianza de la ciudadan\u00eda.<\/p>\n<p>En la reuni\u00f3n participaron administradores de diferentes plazas comerciales de Culiac\u00e1n, representantes de organismos empresariales y comerciantes del centro de la ciudad, patronatos, universidades, as\u00ed como representantes de las fuerzas federales y corporaciones de seguridad p\u00fablica municipal y estatal.<\/p>\n","protected":false},"excerpt":{"rendered":"<p>Gobierno del Estado, sectores econ\u00f3micos, universidades y corporaciones de seguridad trabajan de manera coordinada para avanzar en la recuperaci\u00f3n de espacios p\u00fablicos y horarios nocturnos, as\u00ed como en la realizaci\u00f3n de actividades que fortalezcan la movilidad y convivencia de las familias. &nbsp; Culiac\u00e1n, Sinaloa.- Por indicaciones de la gobernadora Graciela Dom\u00ednguez Nava y como parte<\/p>\n","protected":false},"author":6,"featured_media":144780,"comment_status":"closed","ping_status":"closed","sticky":false,"template":"","format":"standard","meta":{"footnotes":""},"categories":[28],"tags":[],"class_list":["post-144778","post","type-post","status-publish","format-standard","has-post-thumbnail","hentry","category-centro"],"_links":{"self":[{"href":"https:\/\/plataformanoticias.mx\/index.php?rest_route=\/wp\/v2\/posts\/144778","targetHints":{"allow":["GET"]}}],"collection":[{"href":"https:\/\/plataformanoticias.mx\/index.php?rest_route=\/wp\/v2\/posts"}],"about":[{"href":"https:\/\/plataformanoticias.mx\/index.php?rest_route=\/wp\/v2\/types\/post"}],"author":[{"embeddable":true,"href":"https:\/\/plataformanoticias.mx\/index.php?rest_route=\/wp\/v2\/users\/6"}],"replies":[{"embeddable":true,"href":"https:\/\/plataformanoticias.mx\/index.php?rest_route=%2Fwp%2Fv2%2Fcomments&post=144778"}],"version-history":[{"count":1,"href":"https:\/\/plataformanoticias.mx\/index.php?rest_route=\/wp\/v2\/posts\/144778\/revisions"}],"predecessor-version":[{"id":144781,"href":"https:\/\/plataformanoticias.mx\/index.php?rest_route=\/wp\/v2\/posts\/144778\/revisions\/144781"}],"wp:featuredmedia":[{"embeddable":true,"href":"https:\/\/plataformanoticias.mx\/index.php?rest_route=\/wp\/v2\/media\/144780"}],"wp:attachment":[{"href":"https:\/\/plataformanoticias.mx\/index.php?rest_route=%2Fwp%2Fv2%2Fmedia&parent=144778"}],"wp:term":[{"taxonomy":"category","embeddable":true,"href":"https:\/\/plataformanoticias.mx\/index.php?rest_route=%2Fwp%2Fv2%2Fcategories&post=144778"},{"taxonomy":"post_tag","embeddable":true,"href":"https:\/\/plataformanoticias.mx\/index.php?rest_route=%2Fwp%2Fv2%2Ftags&post=144778"}],"curies":[{"name":"wp","href":"https:\/\/api.w.org\/{rel}","templated":true}]}}