{"id":144801,"date":"2026-09-05T11:26:10","date_gmt":"2026-09-05T18:26:10","guid":{"rendered":"https:\/\/plataformanoticias.mx\/?p=144801"},"modified":"2026-09-05T11:26:10","modified_gmt":"2026-09-05T18:26:10","slug":"rehabilita-gobierno-municipal-alumbrado-publico-en-la-sindicatura-de-cerro-cabezon","status":"publish","type":"post","link":"https:\/\/plataformanoticias.mx\/?p=144801","title":{"rendered":"Rehabilita Gobierno Municipal alumbrado p\u00fablico en la sindicatura de Cerro Cabez\u00f3n"},"content":{"rendered":"<p><img loading=\"lazy\" decoding=\"async\" class=\"alignnone size-medium wp-image-144804\" src=\"https:\/\/plataformanoticias.mx\/wp-content\/uploads\/2026\/09\/67d39e27-884d-49d5-8578-c0b49b5c1b6a-300x225.jpeg\" alt=\"\" width=\"300\" height=\"225\" srcset=\"https:\/\/plataformanoticias.mx\/wp-content\/uploads\/2026\/09\/67d39e27-884d-49d5-8578-c0b49b5c1b6a-300x225.jpeg 300w, https:\/\/plataformanoticias.mx\/wp-content\/uploads\/2026\/09\/67d39e27-884d-49d5-8578-c0b49b5c1b6a-1024x768.jpeg 1024w, https:\/\/plataformanoticias.mx\/wp-content\/uploads\/2026\/09\/67d39e27-884d-49d5-8578-c0b49b5c1b6a-768x576.jpeg 768w, https:\/\/plataformanoticias.mx\/wp-content\/uploads\/2026\/09\/67d39e27-884d-49d5-8578-c0b49b5c1b6a-1536x1152.jpeg 1536w, https:\/\/plataformanoticias.mx\/wp-content\/uploads\/2026\/09\/67d39e27-884d-49d5-8578-c0b49b5c1b6a-2048x1536.jpeg 2048w\" sizes=\"auto, (max-width: 300px) 100vw, 300px\" \/><\/p>\n<p><strong>Juan Jos\u00e9 R\u00edos, Sinaloa.-<\/strong> Atendiendo las peticiones de la ciudadan\u00eda, el Ayuntamiento encabezado por la alcaldesa Evangelina Llanes Carre\u00f3n, a trav\u00e9s de la Direcci\u00f3n de Servicios P\u00fablicos, llev\u00f3 a cabo la rehabilitaci\u00f3n del alumbrado p\u00fablico en la orilla del malec\u00f3n de la Sindicatura el Cerro Cabez\u00f3n.<\/p>\n<p><img loading=\"lazy\" decoding=\"async\" class=\"alignnone size-medium wp-image-144803\" src=\"https:\/\/plataformanoticias.mx\/wp-content\/uploads\/2026\/09\/7221f085-2ec9-4a89-86b5-77e9a3c97ddd-300x225.jpeg\" alt=\"\" width=\"300\" height=\"225\" srcset=\"https:\/\/plataformanoticias.mx\/wp-content\/uploads\/2026\/09\/7221f085-2ec9-4a89-86b5-77e9a3c97ddd-300x225.jpeg 300w, https:\/\/plataformanoticias.mx\/wp-content\/uploads\/2026\/09\/7221f085-2ec9-4a89-86b5-77e9a3c97ddd-1024x768.jpeg 1024w, https:\/\/plataformanoticias.mx\/wp-content\/uploads\/2026\/09\/7221f085-2ec9-4a89-86b5-77e9a3c97ddd-768x576.jpeg 768w, https:\/\/plataformanoticias.mx\/wp-content\/uploads\/2026\/09\/7221f085-2ec9-4a89-86b5-77e9a3c97ddd-1536x1152.jpeg 1536w, https:\/\/plataformanoticias.mx\/wp-content\/uploads\/2026\/09\/7221f085-2ec9-4a89-86b5-77e9a3c97ddd-2048x1536.jpeg 2048w\" sizes=\"auto, (max-width: 300px) 100vw, 300px\" \/><br \/>\nDicha iluminaci\u00f3n se realiz\u00f3 en el \u00e1rea donde principalmente se encuentra el equipo de trabajo de las y los pescadores, lo que adem\u00e1s de facilitar sus labores, contribuir\u00e1 a brindar mayor seguridad a la ciudadan\u00eda en general que transita por la zona.<\/p>\n<p>El Gobierno Municipal reitera su compromiso de seguir mejorando los servicios p\u00fablicos y atendiendo las necesidades de todas las sindicaturas y comunidades del municipio.<\/p>\n","protected":false},"excerpt":{"rendered":"<p>Juan Jos\u00e9 R\u00edos, Sinaloa.- Atendiendo las peticiones de la ciudadan\u00eda, el Ayuntamiento encabezado por la alcaldesa Evangelina Llanes Carre\u00f3n, a trav\u00e9s de la Direcci\u00f3n de Servicios P\u00fablicos, llev\u00f3 a cabo la rehabilitaci\u00f3n del alumbrado p\u00fablico en la orilla del malec\u00f3n de la Sindicatura el Cerro Cabez\u00f3n. Dicha iluminaci\u00f3n se realiz\u00f3 en el \u00e1rea donde principalmente<\/p>\n","protected":false},"author":6,"featured_media":144805,"comment_status":"closed","ping_status":"closed","sticky":false,"template":"","format":"standard","meta":{"footnotes":""},"categories":[27],"tags":[],"class_list":["post-144801","post","type-post","status-publish","format-standard","has-post-thumbnail","hentry","category-norte"],"_links":{"self":[{"href":"https:\/\/plataformanoticias.mx\/index.php?rest_route=\/wp\/v2\/posts\/144801","targetHints":{"allow":["GET"]}}],"collection":[{"href":"https:\/\/plataformanoticias.mx\/index.php?rest_route=\/wp\/v2\/posts"}],"about":[{"href":"https:\/\/plataformanoticias.mx\/index.php?rest_route=\/wp\/v2\/types\/post"}],"author":[{"embeddable":true,"href":"https:\/\/plataformanoticias.mx\/index.php?rest_route=\/wp\/v2\/users\/6"}],"replies":[{"embeddable":true,"href":"https:\/\/plataformanoticias.mx\/index.php?rest_route=%2Fwp%2Fv2%2Fcomments&post=144801"}],"version-history":[{"count":1,"href":"https:\/\/plataformanoticias.mx\/index.php?rest_route=\/wp\/v2\/posts\/144801\/revisions"}],"predecessor-version":[{"id":144806,"href":"https:\/\/plataformanoticias.mx\/index.php?rest_route=\/wp\/v2\/posts\/144801\/revisions\/144806"}],"wp:featuredmedia":[{"embeddable":true,"href":"https:\/\/plataformanoticias.mx\/index.php?rest_route=\/wp\/v2\/media\/144805"}],"wp:attachment":[{"href":"https:\/\/plataformanoticias.mx\/index.php?rest_route=%2Fwp%2Fv2%2Fmedia&parent=144801"}],"wp:term":[{"taxonomy":"category","embeddable":true,"href":"https:\/\/plataformanoticias.mx\/index.php?rest_route=%2Fwp%2Fv2%2Fcategories&post=144801"},{"taxonomy":"post_tag","embeddable":true,"href":"https:\/\/plataformanoticias.mx\/index.php?rest_route=%2Fwp%2Fv2%2Ftags&post=144801"}],"curies":[{"name":"wp","href":"https:\/\/api.w.org\/{rel}","templated":true}]}}