{"id":144816,"date":"2026-09-05T16:17:41","date_gmt":"2026-09-05T23:17:41","guid":{"rendered":"https:\/\/plataformanoticias.mx\/?p=144816"},"modified":"2026-09-05T16:17:41","modified_gmt":"2026-09-05T23:17:41","slug":"entrega-mas-de-mil-tarjetas-del-programa-jovenes-construyendo-el-futuro-de-sinaloa","status":"publish","type":"post","link":"https:\/\/plataformanoticias.mx\/?p=144816","title":{"rendered":"Entrega m\u00e1s de mil tarjetas del programa j\u00f3venes construyendo el futuro de Sinaloa"},"content":{"rendered":"<p>&nbsp;<\/p>\n<p><strong>Culiac\u00e1n, Sinaloa.\u2013<\/strong> Este s\u00e1bado fueron entregadas 1,070 tarjetas del programa J\u00f3venes Construyendo el Futuro en el estado, de las cuales 661 corresponden a j\u00f3venes de Culiac\u00e1n.<\/p>\n<p>Durante el evento, el delegado Ulises Pi\u00f1a dio la bienvenida a las y los j\u00f3venes que se incorporan al programa y destac\u00f3 que esta estrategia es impulsada por la presidenta Claudia Sheinbaum.<br \/>\nExplic\u00f3 que J\u00f3venes Construyendo el Futuro est\u00e1 dirigido a personas de 18 a 29 a\u00f1os que actualmente no estudian ni trabajan, quienes reciben capacitaci\u00f3n durante un periodo de 12 meses, adem\u00e1s de un apoyo econ\u00f3mico mensual de 9,580 pesos, equivalente a un salario m\u00ednimo.<\/p>\n<p>Asimismo, las y los beneficiarios cuentan con seguridad social a trav\u00e9s del IMSS, a partir del primer pago que reciben. El apoyo econ\u00f3mico se deposita directamente en la tarjeta del Banco del Bienestar, el d\u00eda 28 de cada mes.<\/p>\n<p><img loading=\"lazy\" decoding=\"async\" class=\"alignnone size-medium wp-image-144818 aligncenter\" src=\"https:\/\/plataformanoticias.mx\/wp-content\/uploads\/2026\/09\/3ea121c7-f063-40a6-abda-1282b50ccd46-300x200.jpeg\" alt=\"\" width=\"300\" height=\"200\" srcset=\"https:\/\/plataformanoticias.mx\/wp-content\/uploads\/2026\/09\/3ea121c7-f063-40a6-abda-1282b50ccd46-300x200.jpeg 300w, https:\/\/plataformanoticias.mx\/wp-content\/uploads\/2026\/09\/3ea121c7-f063-40a6-abda-1282b50ccd46-1024x683.jpeg 1024w, https:\/\/plataformanoticias.mx\/wp-content\/uploads\/2026\/09\/3ea121c7-f063-40a6-abda-1282b50ccd46-768x512.jpeg 768w, https:\/\/plataformanoticias.mx\/wp-content\/uploads\/2026\/09\/3ea121c7-f063-40a6-abda-1282b50ccd46-1536x1024.jpeg 1536w, https:\/\/plataformanoticias.mx\/wp-content\/uploads\/2026\/09\/3ea121c7-f063-40a6-abda-1282b50ccd46-2048x1366.jpeg 2048w\" sizes=\"auto, (max-width: 300px) 100vw, 300px\" \/><\/p>\n<p>Pi\u00f1a destac\u00f3 que el programa opera de manera directa y sin intermediarios.<\/p>\n<p>\u201cEste programa se realiza de una manera directa y sin intermediarios. El d\u00eda de hoy vamos a entregar 1,070 tarjetas aqu\u00ed en el estado de Sinaloa. Con esto vamos a superar los 8,000 j\u00f3venes capacit\u00e1ndose aqu\u00ed en el estado de Sinaloa, en m\u00e1s de 4,000 centros de trabajo\u201d, inform\u00f3.<\/p>\n<p>El delegado subray\u00f3 que el prop\u00f3sito de este programa es que las juventudes desarrollen oportunidades laborales<br \/>\n\u201cUstedes son los que se van a capacitar. No tienen por qu\u00e9 compartir el recurso con nadie.<\/p>\n<p>Son 9,580 pesos que se les van a dar de manera mensual, cada 28 de cada mes, durante 12 meses\u201d, enfatiz\u00f3.<\/p>\n<p><img loading=\"lazy\" decoding=\"async\" class=\"alignnone size-medium wp-image-144819 aligncenter\" src=\"https:\/\/plataformanoticias.mx\/wp-content\/uploads\/2026\/09\/9e7e9756-5230-42fc-9efd-26a046cb9977-300x200.jpeg\" alt=\"\" width=\"300\" height=\"200\" srcset=\"https:\/\/plataformanoticias.mx\/wp-content\/uploads\/2026\/09\/9e7e9756-5230-42fc-9efd-26a046cb9977-300x200.jpeg 300w, https:\/\/plataformanoticias.mx\/wp-content\/uploads\/2026\/09\/9e7e9756-5230-42fc-9efd-26a046cb9977-1024x683.jpeg 1024w, https:\/\/plataformanoticias.mx\/wp-content\/uploads\/2026\/09\/9e7e9756-5230-42fc-9efd-26a046cb9977-768x512.jpeg 768w, https:\/\/plataformanoticias.mx\/wp-content\/uploads\/2026\/09\/9e7e9756-5230-42fc-9efd-26a046cb9977-1536x1024.jpeg 1536w, https:\/\/plataformanoticias.mx\/wp-content\/uploads\/2026\/09\/9e7e9756-5230-42fc-9efd-26a046cb9977-2048x1366.jpeg 2048w\" sizes=\"auto, (max-width: 300px) 100vw, 300px\" \/><\/p>\n<p>En este sentido, llam\u00f3 a las y los beneficiarios a aprovechar la oportunidad de capacitaci\u00f3n y desarrollo que ofrece el Gobierno de M\u00e9xico.<\/p>\n<p>Como parte de los resultados del programa, Ulises Pi\u00f1a destac\u00f3 que siete de cada 10 j\u00f3venes que se capacitan logran ser contratados por la empresa donde realizaron su capacitaci\u00f3n, mientras que otros optan por iniciar un emprendimiento.<\/p>\n<p>Finalmente, hizo un llamado a las y los j\u00f3venes a acercarse a denunciar cualquier irregularidad que detecten durante su proceso de capacitaci\u00f3n.<\/p>\n<p>\u201cSi ustedes detectan alguna anomal\u00eda dentro de su capacitaci\u00f3n o dentro del proceso del programa J\u00f3venes Construyendo el Futuro, no tengan miedo en denunciar\u201d concluy\u00f3.<\/p>\n","protected":false},"excerpt":{"rendered":"<p>&nbsp; Culiac\u00e1n, Sinaloa.\u2013 Este s\u00e1bado fueron entregadas 1,070 tarjetas del programa J\u00f3venes Construyendo el Futuro en el estado, de las cuales 661 corresponden a j\u00f3venes de Culiac\u00e1n. Durante el evento, el delegado Ulises Pi\u00f1a dio la bienvenida a las y los j\u00f3venes que se incorporan al programa y destac\u00f3 que esta estrategia es impulsada por<\/p>\n","protected":false},"author":6,"featured_media":144820,"comment_status":"closed","ping_status":"closed","sticky":false,"template":"","format":"standard","meta":{"footnotes":""},"categories":[28],"tags":[],"class_list":["post-144816","post","type-post","status-publish","format-standard","has-post-thumbnail","hentry","category-centro"],"_links":{"self":[{"href":"https:\/\/plataformanoticias.mx\/index.php?rest_route=\/wp\/v2\/posts\/144816","targetHints":{"allow":["GET"]}}],"collection":[{"href":"https:\/\/plataformanoticias.mx\/index.php?rest_route=\/wp\/v2\/posts"}],"about":[{"href":"https:\/\/plataformanoticias.mx\/index.php?rest_route=\/wp\/v2\/types\/post"}],"author":[{"embeddable":true,"href":"https:\/\/plataformanoticias.mx\/index.php?rest_route=\/wp\/v2\/users\/6"}],"replies":[{"embeddable":true,"href":"https:\/\/plataformanoticias.mx\/index.php?rest_route=%2Fwp%2Fv2%2Fcomments&post=144816"}],"version-history":[{"count":1,"href":"https:\/\/plataformanoticias.mx\/index.php?rest_route=\/wp\/v2\/posts\/144816\/revisions"}],"predecessor-version":[{"id":144821,"href":"https:\/\/plataformanoticias.mx\/index.php?rest_route=\/wp\/v2\/posts\/144816\/revisions\/144821"}],"wp:featuredmedia":[{"embeddable":true,"href":"https:\/\/plataformanoticias.mx\/index.php?rest_route=\/wp\/v2\/media\/144820"}],"wp:attachment":[{"href":"https:\/\/plataformanoticias.mx\/index.php?rest_route=%2Fwp%2Fv2%2Fmedia&parent=144816"}],"wp:term":[{"taxonomy":"category","embeddable":true,"href":"https:\/\/plataformanoticias.mx\/index.php?rest_route=%2Fwp%2Fv2%2Fcategories&post=144816"},{"taxonomy":"post_tag","embeddable":true,"href":"https:\/\/plataformanoticias.mx\/index.php?rest_route=%2Fwp%2Fv2%2Ftags&post=144816"}],"curies":[{"name":"wp","href":"https:\/\/api.w.org\/{rel}","templated":true}]}}