{"id":144832,"date":"2026-09-05T21:48:27","date_gmt":"2026-09-06T04:48:27","guid":{"rendered":"https:\/\/plataformanoticias.mx\/?p=144832"},"modified":"2026-09-05T21:48:27","modified_gmt":"2026-09-06T04:48:27","slug":"hallan-sin-vida-al-diputado-federal-de-morena-zenyazen-escobar-en-veracruz","status":"publish","type":"post","link":"https:\/\/plataformanoticias.mx\/?p=144832","title":{"rendered":"Hallan sin vida al diputado federal de Morena Zenyazen Escobar en Veracruz"},"content":{"rendered":"<p>&nbsp;<\/p>\n<p><strong>Puente Nacional, Veracruz.<\/strong>&#8211; El diputado federal de Morena por el distrito 16 de C\u00f3rdoba, Zenyazen Roberto Escobar Garc\u00eda, fue localizado sin vida la ma\u00f1ana de este viernes 4 de septiembre de 2026 dentro de un veh\u00edculo Mercedes Benz negro, a un costado de la carretera federal Xalapa-Veracruz, a la altura de la comunidad La Gloria, en Puente Nacional.<\/p>\n<p>El legislador, de 42 a\u00f1os y originario de R\u00edo Blanco, presentaba al menos un impacto de bala en la cabeza, lo que le provoc\u00f3 la muerte de forma inmediata.<\/p>\n<p>El hallazgo fue confirmado por la fiscal general del estado, Lisbeth Aurelia Jim\u00e9nez Aguirre. &#8220;Yo solo les puedo confirmar el deceso&#8221;, declar\u00f3 al informar que ya se abri\u00f3 carpeta de investigaci\u00f3n.<\/p>\n<p>Aunque en un inicio se manej\u00f3 como un ataque armado, el secretario de Gobierno de Veracruz, Ricardo Ahued Bardahuil, descart\u00f3 de forma preliminar que se tratara de un atentado.<\/p>\n<p>&#8220;No fue un atentado porque el carro est\u00e1 a un lado, no se nota que haya sido una mayor agresi\u00f3n al veh\u00edculo, fue interno. No como tal es un atentado, un ataque. Es un lamentable fallecimiento por un arma de fuego&#8221;, se\u00f1al\u00f3.<\/p>\n<p>El funcionario detall\u00f3 que el cuerpo fue encontrado en el acotamiento junto a un arma de fuego y que el veh\u00edculo no presenta da\u00f1os compatibles con una agresi\u00f3n externa.<\/p>\n<p>Por su calidad de legislador federal, la Fiscal\u00eda General de la Rep\u00fablica (FGR) atraer\u00e1 la investigaci\u00f3n.<\/p>\n<p>Zenyazen Escobar fue l\u00edder del Movimiento Magisterial Popular Veracruzano, diputado local y Secretario de Educaci\u00f3n de Veracruz de 2018 a 2021 en el gobierno de Cuitl\u00e1huac Garc\u00eda Jim\u00e9nez. Actualmente integraba la LXVI Legislatura como diputado federal por Morena.<\/p>\n<p>El coordinador de Morena en San L\u00e1zaro, Ricardo Monreal, lament\u00f3 el deceso y expres\u00f3 su solidaridad a la familia.<\/p>\n","protected":false},"excerpt":{"rendered":"<p>&nbsp; Puente Nacional, Veracruz.&#8211; El diputado federal de Morena por el distrito 16 de C\u00f3rdoba, Zenyazen Roberto Escobar Garc\u00eda, fue localizado sin vida la ma\u00f1ana de este viernes 4 de septiembre de 2026 dentro de un veh\u00edculo Mercedes Benz negro, a un costado de la carretera federal Xalapa-Veracruz, a la altura de la comunidad La<\/p>\n","protected":false},"author":6,"featured_media":144834,"comment_status":"closed","ping_status":"closed","sticky":false,"template":"","format":"standard","meta":{"footnotes":""},"categories":[31],"tags":[],"class_list":["post-144832","post","type-post","status-publish","format-standard","has-post-thumbnail","hentry","category-politica"],"_links":{"self":[{"href":"https:\/\/plataformanoticias.mx\/index.php?rest_route=\/wp\/v2\/posts\/144832","targetHints":{"allow":["GET"]}}],"collection":[{"href":"https:\/\/plataformanoticias.mx\/index.php?rest_route=\/wp\/v2\/posts"}],"about":[{"href":"https:\/\/plataformanoticias.mx\/index.php?rest_route=\/wp\/v2\/types\/post"}],"author":[{"embeddable":true,"href":"https:\/\/plataformanoticias.mx\/index.php?rest_route=\/wp\/v2\/users\/6"}],"replies":[{"embeddable":true,"href":"https:\/\/plataformanoticias.mx\/index.php?rest_route=%2Fwp%2Fv2%2Fcomments&post=144832"}],"version-history":[{"count":1,"href":"https:\/\/plataformanoticias.mx\/index.php?rest_route=\/wp\/v2\/posts\/144832\/revisions"}],"predecessor-version":[{"id":144835,"href":"https:\/\/plataformanoticias.mx\/index.php?rest_route=\/wp\/v2\/posts\/144832\/revisions\/144835"}],"wp:featuredmedia":[{"embeddable":true,"href":"https:\/\/plataformanoticias.mx\/index.php?rest_route=\/wp\/v2\/media\/144834"}],"wp:attachment":[{"href":"https:\/\/plataformanoticias.mx\/index.php?rest_route=%2Fwp%2Fv2%2Fmedia&parent=144832"}],"wp:term":[{"taxonomy":"category","embeddable":true,"href":"https:\/\/plataformanoticias.mx\/index.php?rest_route=%2Fwp%2Fv2%2Fcategories&post=144832"},{"taxonomy":"post_tag","embeddable":true,"href":"https:\/\/plataformanoticias.mx\/index.php?rest_route=%2Fwp%2Fv2%2Ftags&post=144832"}],"curies":[{"name":"wp","href":"https:\/\/api.w.org\/{rel}","templated":true}]}}