{"id":144836,"date":"2026-09-05T21:49:51","date_gmt":"2026-09-06T04:49:51","guid":{"rendered":"https:\/\/plataformanoticias.mx\/?p=144836"},"modified":"2026-09-05T21:49:51","modified_gmt":"2026-09-06T04:49:51","slug":"mexico-va-por-la-esposa-de-garcia-luna-sheinbaum-confirma-orden-de-detencion-y-extradicion-contra-linda-pereyra","status":"publish","type":"post","link":"https:\/\/plataformanoticias.mx\/?p=144836","title":{"rendered":"M\u00e9xico va por la esposa de Garc\u00eda Luna: Sheinbaum confirma orden de detenci\u00f3n y extradici\u00f3n contra Linda Pereyra"},"content":{"rendered":"<p>&nbsp;<\/p>\n<p><strong>Ciudad de M\u00e9xico.-<\/strong>El cerco judicial que ya mand\u00f3 a Genaro Garc\u00eda Luna a una prisi\u00f3n de Estados Unidos por 38 a\u00f1os ahora alcanza a su familia.<\/p>\n<p>La presidenta Claudia Sheinbaum confirm\u00f3 este viernes 4 de septiembre que el Gobierno de M\u00e9xico solicit\u00f3 formalmente a Estados Unidos la detenci\u00f3n provisional con fines de extradici\u00f3n de Linda Cristina Pereyra G\u00e1lvez, esposa del exsecretario de Seguridad P\u00fablica federal.<\/p>\n<p>&#8220;Es parte de una investigaci\u00f3n que viene de hace tiempo de la Fiscal\u00eda General de la Rep\u00fablica&#8221;, dijo la mandataria en su ma\u00f1anera desde Zacatecas.<\/p>\n<p>La petici\u00f3n fue canalizada por la FGR a trav\u00e9s de la Secretar\u00eda de Relaciones Exteriores y se ampara en el art\u00edculo 11 del Tratado de Extradici\u00f3n* entre M\u00e9xico y EU. Actualmente est\u00e1 en an\u00e1lisis por las autoridades estadounidenses.<\/p>\n<p>\u00bfDe qu\u00e9 la acusan?<br \/>\nLa FGR la se\u00f1ala por delincuencia organizada y lavado de dinero. De acuerdo con la investigaci\u00f3n, Pereyra habr\u00eda sido pieza clave de una red de m\u00e1s de 50 personas que obtuvo 10 contratos ilegales para equipar c\u00e1rceles federales durante el sexenio de Enrique Pe\u00f1a Nieto, con un da\u00f1o al erario superior a 5 mil 112 millones de pesos.<\/p>\n<p>Con ese dinero, la familia Garc\u00eda Luna habr\u00eda comprado propiedades en Florida.<\/p>\n<p>Lo llamativo del caso es que la orden de aprehensi\u00f3n contra Pereyra existe desde 2023, pero M\u00e9xico no hab\u00eda solicitado su detenci\u00f3n provisional en 2024 ni en 2025. Es hasta ahora que se presenta la solicitud formal.<\/p>\n<p>El camino no ser\u00e1 r\u00e1pido ni sencillo. El tratado no establece plazo para que EU decida si la detiene. Y si la detiene, M\u00e9xico tendr\u00e1 60 d\u00edas para entregar todo el expediente.<\/p>\n<p>El otro obst\u00e1culo: Pereyra y sus hijos obtuvieron la ciudadan\u00eda estadounidense en 2019, seg\u00fan fuentes cercanas al caso, y la propia Sheinbaum ha reconocido que EU suele resistirse a extraditar a sus ciudadanos.<\/p>\n<p>Su \u00faltima aparici\u00f3n p\u00fablica fue en octubre de 2024, en Brooklyn, cuando el juez Brian Cogan sentenci\u00f3 a Garc\u00eda Luna a 38 a\u00f1os por colaborar con el C\u00e1rtel de Sinaloa. Sali\u00f3 libre de la corte.<\/p>\n","protected":false},"excerpt":{"rendered":"<p>&nbsp; Ciudad de M\u00e9xico.-El cerco judicial que ya mand\u00f3 a Genaro Garc\u00eda Luna a una prisi\u00f3n de Estados Unidos por 38 a\u00f1os ahora alcanza a su familia. La presidenta Claudia Sheinbaum confirm\u00f3 este viernes 4 de septiembre que el Gobierno de M\u00e9xico solicit\u00f3 formalmente a Estados Unidos la detenci\u00f3n provisional con fines de extradici\u00f3n de<\/p>\n","protected":false},"author":6,"featured_media":144838,"comment_status":"closed","ping_status":"closed","sticky":false,"template":"","format":"standard","meta":{"footnotes":""},"categories":[31],"tags":[],"class_list":["post-144836","post","type-post","status-publish","format-standard","has-post-thumbnail","hentry","category-politica"],"_links":{"self":[{"href":"https:\/\/plataformanoticias.mx\/index.php?rest_route=\/wp\/v2\/posts\/144836","targetHints":{"allow":["GET"]}}],"collection":[{"href":"https:\/\/plataformanoticias.mx\/index.php?rest_route=\/wp\/v2\/posts"}],"about":[{"href":"https:\/\/plataformanoticias.mx\/index.php?rest_route=\/wp\/v2\/types\/post"}],"author":[{"embeddable":true,"href":"https:\/\/plataformanoticias.mx\/index.php?rest_route=\/wp\/v2\/users\/6"}],"replies":[{"embeddable":true,"href":"https:\/\/plataformanoticias.mx\/index.php?rest_route=%2Fwp%2Fv2%2Fcomments&post=144836"}],"version-history":[{"count":1,"href":"https:\/\/plataformanoticias.mx\/index.php?rest_route=\/wp\/v2\/posts\/144836\/revisions"}],"predecessor-version":[{"id":144839,"href":"https:\/\/plataformanoticias.mx\/index.php?rest_route=\/wp\/v2\/posts\/144836\/revisions\/144839"}],"wp:featuredmedia":[{"embeddable":true,"href":"https:\/\/plataformanoticias.mx\/index.php?rest_route=\/wp\/v2\/media\/144838"}],"wp:attachment":[{"href":"https:\/\/plataformanoticias.mx\/index.php?rest_route=%2Fwp%2Fv2%2Fmedia&parent=144836"}],"wp:term":[{"taxonomy":"category","embeddable":true,"href":"https:\/\/plataformanoticias.mx\/index.php?rest_route=%2Fwp%2Fv2%2Fcategories&post=144836"},{"taxonomy":"post_tag","embeddable":true,"href":"https:\/\/plataformanoticias.mx\/index.php?rest_route=%2Fwp%2Fv2%2Ftags&post=144836"}],"curies":[{"name":"wp","href":"https:\/\/api.w.org\/{rel}","templated":true}]}}