{"id":144840,"date":"2026-09-06T08:43:37","date_gmt":"2026-09-06T15:43:37","guid":{"rendered":"https:\/\/plataformanoticias.mx\/?p=144840"},"modified":"2026-09-06T08:43:37","modified_gmt":"2026-09-06T15:43:37","slug":"pasajeros-quedan-varados-en-chihuahua-tras-cancelacion-de-vuelo-de-tar","status":"publish","type":"post","link":"https:\/\/plataformanoticias.mx\/?p=144840","title":{"rendered":"Pasajeros quedan varados en Chihuahua tras cancelaci\u00f3n de vuelo de TAR"},"content":{"rendered":"<p><strong>Chihuahua<\/strong>.- Pasajeros de la aerol\u00ednea TAR denunciaron haber quedado varados en la ciudad de Chihuahua luego de que fuera cancelado el vuelo YQ0733, programado para salir a las 9:10 de la ma\u00f1ana con destino a su lugar de origen.<\/p>\n<p>De acuerdo con los afectados, durante la noche algunos pasajeros recibieron correos electr\u00f3nicos inform\u00e1ndoles que su vuelo ser\u00eda reprogramado para el lunes 7 de septiembre, mientras que a otros se les notific\u00f3 que viajar\u00edan hasta el martes 8. Sin embargo, varios pasajeros aseguran que nunca recibieron ning\u00fan aviso.<\/p>\n<p>Al acudir al mostrador de TAR, la encargada del check-in les inform\u00f3 inicialmente que el vuelo hab\u00eda sido cancelado porque el avi\u00f3n no lleg\u00f3. Posteriormente, se les indic\u00f3 que la suspensi\u00f3n se deb\u00eda a fallas t\u00e9cnicas, situaci\u00f3n que gener\u00f3 molestia e inconformidad entre las personas que se encontraban en la fila.<\/p>\n<p>Ante la falta de opciones, la aerol\u00ednea ofreci\u00f3 a los pasajeros la posibilidad de viajar a Hermosillo, alternativa que aceptaron para posteriormente trasladarse en autob\u00fas hacia Los Mochis.<\/p>\n<p>Los afectados se\u00f1alaron que tuvieron que aceptar esta opci\u00f3n por ser la \u00fanica alternativa disponible para poder regresar a casa, adem\u00e1s de enfrentar gastos, retrasos y las molestias ocasionadas por la cancelaci\u00f3n.<\/p>\n<p>Pasajeros piden mayor informaci\u00f3n y atenci\u00f3n por parte de TAR ante la situaci\u00f3n que enfrentaron.<\/p>\n","protected":false},"excerpt":{"rendered":"<p>Chihuahua.- Pasajeros de la aerol\u00ednea TAR denunciaron haber quedado varados en la ciudad de Chihuahua luego de que fuera cancelado el vuelo YQ0733, programado para salir a las 9:10 de la ma\u00f1ana con destino a su lugar de origen. De acuerdo con los afectados, durante la noche algunos pasajeros recibieron correos electr\u00f3nicos inform\u00e1ndoles que su<\/p>\n","protected":false},"author":6,"featured_media":144842,"comment_status":"closed","ping_status":"closed","sticky":false,"template":"","format":"standard","meta":{"footnotes":""},"categories":[38],"tags":[],"class_list":["post-144840","post","type-post","status-publish","format-standard","has-post-thumbnail","hentry","category-locales"],"_links":{"self":[{"href":"https:\/\/plataformanoticias.mx\/index.php?rest_route=\/wp\/v2\/posts\/144840","targetHints":{"allow":["GET"]}}],"collection":[{"href":"https:\/\/plataformanoticias.mx\/index.php?rest_route=\/wp\/v2\/posts"}],"about":[{"href":"https:\/\/plataformanoticias.mx\/index.php?rest_route=\/wp\/v2\/types\/post"}],"author":[{"embeddable":true,"href":"https:\/\/plataformanoticias.mx\/index.php?rest_route=\/wp\/v2\/users\/6"}],"replies":[{"embeddable":true,"href":"https:\/\/plataformanoticias.mx\/index.php?rest_route=%2Fwp%2Fv2%2Fcomments&post=144840"}],"version-history":[{"count":1,"href":"https:\/\/plataformanoticias.mx\/index.php?rest_route=\/wp\/v2\/posts\/144840\/revisions"}],"predecessor-version":[{"id":144843,"href":"https:\/\/plataformanoticias.mx\/index.php?rest_route=\/wp\/v2\/posts\/144840\/revisions\/144843"}],"wp:featuredmedia":[{"embeddable":true,"href":"https:\/\/plataformanoticias.mx\/index.php?rest_route=\/wp\/v2\/media\/144842"}],"wp:attachment":[{"href":"https:\/\/plataformanoticias.mx\/index.php?rest_route=%2Fwp%2Fv2%2Fmedia&parent=144840"}],"wp:term":[{"taxonomy":"category","embeddable":true,"href":"https:\/\/plataformanoticias.mx\/index.php?rest_route=%2Fwp%2Fv2%2Fcategories&post=144840"},{"taxonomy":"post_tag","embeddable":true,"href":"https:\/\/plataformanoticias.mx\/index.php?rest_route=%2Fwp%2Fv2%2Ftags&post=144840"}],"curies":[{"name":"wp","href":"https:\/\/api.w.org\/{rel}","templated":true}]}}