{"id":144844,"date":"2026-09-06T09:05:45","date_gmt":"2026-09-06T16:05:45","guid":{"rendered":"https:\/\/plataformanoticias.mx\/?p=144844"},"modified":"2026-09-06T09:05:45","modified_gmt":"2026-09-06T16:05:45","slug":"ataque-armado-en-culiacan-deja-dos-muertos-y-dos-heridos-entre-las-victimas-un-bebe","status":"publish","type":"post","link":"https:\/\/plataformanoticias.mx\/?p=144844","title":{"rendered":"ATAQUE ARMADO EN CULIAC\u00c1N DEJA DOS MUERTOS Y DOS HERIDOS; ENTRE LAS V\u00cdCTIMAS, UN BEB\u00c9"},"content":{"rendered":"<p><strong>Culiac\u00e1n, Sinaloa.\u2014<\/strong> Una nueva jornada de violencia dej\u00f3 una escena que ha generado indignaci\u00f3n y tristeza en Sinaloa, luego de que un ataque armado dejara dos personas sin vida y dos adultos heridos, en la Colonia Prados del Sur.<\/p>\n<p>Entre las v\u00edctimas se encuentra un beb\u00e9 de apenas 1 a\u00f1o y 4 meses, quien perdi\u00f3 la vida en medio de un hecho violento que, como tantas veces, alcanz\u00f3 a personas ajenas a cualquier conflicto.<\/p>\n<p>El ataque vuelve a colocar sobre la mesa una realidad que no deber\u00eda normalizarse: detr\u00e1s de cada cifra de homicidios hay familias, historias y personas que enfrentan p\u00e9rdidas irreparables.<\/p>\n<p>La violencia no distingue edades y, en esta ocasi\u00f3n, cobr\u00f3 la vida de un menor que no eligi\u00f3 el lugar, la hora ni las circunstancias que lo rodeaban.<\/p>\n<p>Esta noche, adem\u00e1s de la indignaci\u00f3n y la tristeza, queda el llamado a no normalizar estos hechos y a exigir condiciones de seguridad para todas las familias.<\/p>\n<p>Porque un ni\u00f1o v\u00edctima de la violencia nunca deber\u00eda convertirse solamente en una cifra.<\/p>\n","protected":false},"excerpt":{"rendered":"<p>Culiac\u00e1n, Sinaloa.\u2014 Una nueva jornada de violencia dej\u00f3 una escena que ha generado indignaci\u00f3n y tristeza en Sinaloa, luego de que un ataque armado dejara dos personas sin vida y dos adultos heridos, en la Colonia Prados del Sur. Entre las v\u00edctimas se encuentra un beb\u00e9 de apenas 1 a\u00f1o y 4 meses, quien perdi\u00f3<\/p>\n","protected":false},"author":6,"featured_media":144846,"comment_status":"closed","ping_status":"closed","sticky":false,"template":"","format":"standard","meta":{"footnotes":""},"categories":[28],"tags":[],"class_list":["post-144844","post","type-post","status-publish","format-standard","has-post-thumbnail","hentry","category-centro"],"_links":{"self":[{"href":"https:\/\/plataformanoticias.mx\/index.php?rest_route=\/wp\/v2\/posts\/144844","targetHints":{"allow":["GET"]}}],"collection":[{"href":"https:\/\/plataformanoticias.mx\/index.php?rest_route=\/wp\/v2\/posts"}],"about":[{"href":"https:\/\/plataformanoticias.mx\/index.php?rest_route=\/wp\/v2\/types\/post"}],"author":[{"embeddable":true,"href":"https:\/\/plataformanoticias.mx\/index.php?rest_route=\/wp\/v2\/users\/6"}],"replies":[{"embeddable":true,"href":"https:\/\/plataformanoticias.mx\/index.php?rest_route=%2Fwp%2Fv2%2Fcomments&post=144844"}],"version-history":[{"count":1,"href":"https:\/\/plataformanoticias.mx\/index.php?rest_route=\/wp\/v2\/posts\/144844\/revisions"}],"predecessor-version":[{"id":144847,"href":"https:\/\/plataformanoticias.mx\/index.php?rest_route=\/wp\/v2\/posts\/144844\/revisions\/144847"}],"wp:featuredmedia":[{"embeddable":true,"href":"https:\/\/plataformanoticias.mx\/index.php?rest_route=\/wp\/v2\/media\/144846"}],"wp:attachment":[{"href":"https:\/\/plataformanoticias.mx\/index.php?rest_route=%2Fwp%2Fv2%2Fmedia&parent=144844"}],"wp:term":[{"taxonomy":"category","embeddable":true,"href":"https:\/\/plataformanoticias.mx\/index.php?rest_route=%2Fwp%2Fv2%2Fcategories&post=144844"},{"taxonomy":"post_tag","embeddable":true,"href":"https:\/\/plataformanoticias.mx\/index.php?rest_route=%2Fwp%2Fv2%2Ftags&post=144844"}],"curies":[{"name":"wp","href":"https:\/\/api.w.org\/{rel}","templated":true}]}}