{"id":144848,"date":"2026-09-06T11:49:31","date_gmt":"2026-09-06T18:49:31","guid":{"rendered":"https:\/\/plataformanoticias.mx\/?p=144848"},"modified":"2026-09-06T11:49:31","modified_gmt":"2026-09-06T18:49:31","slug":"sinaloa-corrio-con-el-corazon-todo-mexico-salvando-vidas-fue-un-exito","status":"publish","type":"post","link":"https:\/\/plataformanoticias.mx\/?p=144848","title":{"rendered":"\u00a1Sinaloa corri\u00f3 con el coraz\u00f3n! Todo M\u00e9xico Salvando Vidas fue un \u00e9xito"},"content":{"rendered":"<p><img loading=\"lazy\" decoding=\"async\" class=\"alignnone size-medium wp-image-144851 aligncenter\" src=\"https:\/\/plataformanoticias.mx\/wp-content\/uploads\/2026\/09\/7f6343b9-9b74-4186-b454-f805278a1a08-300x200.jpeg\" alt=\"\" width=\"300\" height=\"200\" srcset=\"https:\/\/plataformanoticias.mx\/wp-content\/uploads\/2026\/09\/7f6343b9-9b74-4186-b454-f805278a1a08-300x200.jpeg 300w, https:\/\/plataformanoticias.mx\/wp-content\/uploads\/2026\/09\/7f6343b9-9b74-4186-b454-f805278a1a08-1024x682.jpeg 1024w, https:\/\/plataformanoticias.mx\/wp-content\/uploads\/2026\/09\/7f6343b9-9b74-4186-b454-f805278a1a08-768x512.jpeg 768w, https:\/\/plataformanoticias.mx\/wp-content\/uploads\/2026\/09\/7f6343b9-9b74-4186-b454-f805278a1a08-1536x1023.jpeg 1536w, https:\/\/plataformanoticias.mx\/wp-content\/uploads\/2026\/09\/7f6343b9-9b74-4186-b454-f805278a1a08.jpeg 1600w\" sizes=\"auto, (max-width: 300px) 100vw, 300px\" \/><\/p>\n<p><strong>Culiac\u00e1n, Sinaloa.\u2013<\/strong>\u00a0Con una jornada llena de energ\u00eda, entusiasmo y solidaridad, se llev\u00f3 a cabo en Sinaloa la Carrera Todo M\u00e9xico Salvando Vidas 2026, organizada por Cruz Roja Mexicana, donde miles de participantes se sumaron a esta iniciativa que combina la activaci\u00f3n f\u00edsica con una causa que salva vidas.<\/p>\n<p>Desde temprana hora, corredoras, corredores, familias y participantes se dieron cita para formar parte de esta carrera con causa, demostrando que cada kil\u00f3metro recorrido representa tambi\u00e9n una oportunidad para fortalecer la misi\u00f3n humanitaria de Cruz Roja Mexicana.<\/p>\n<p>La competencia contempl\u00f3 las categor\u00edas 5K y 10K, en las ramas femenil y varonil, donde las y los participantes dieron muestra de disciplina, preparaci\u00f3n y esp\u00edritu deportivo.<\/p>\n<p><img loading=\"lazy\" decoding=\"async\" class=\"alignnone size-medium wp-image-144852 aligncenter\" src=\"https:\/\/plataformanoticias.mx\/wp-content\/uploads\/2026\/09\/e78c095f-7734-4aa5-b077-7147cc7b26f9-200x300.jpeg\" alt=\"\" width=\"200\" height=\"300\" srcset=\"https:\/\/plataformanoticias.mx\/wp-content\/uploads\/2026\/09\/e78c095f-7734-4aa5-b077-7147cc7b26f9-200x300.jpeg 200w, https:\/\/plataformanoticias.mx\/wp-content\/uploads\/2026\/09\/e78c095f-7734-4aa5-b077-7147cc7b26f9-683x1024.jpeg 683w, https:\/\/plataformanoticias.mx\/wp-content\/uploads\/2026\/09\/e78c095f-7734-4aa5-b077-7147cc7b26f9-768x1152.jpeg 768w, https:\/\/plataformanoticias.mx\/wp-content\/uploads\/2026\/09\/e78c095f-7734-4aa5-b077-7147cc7b26f9-1024x1536.jpeg 1024w, https:\/\/plataformanoticias.mx\/wp-content\/uploads\/2026\/09\/e78c095f-7734-4aa5-b077-7147cc7b26f9-1366x2048.jpeg 1366w, https:\/\/plataformanoticias.mx\/wp-content\/uploads\/2026\/09\/e78c095f-7734-4aa5-b077-7147cc7b26f9-scaled.jpeg 1707w\" sizes=\"auto, (max-width: 200px) 100vw, 200px\" \/><\/p>\n<p>Ganadores 10K Femenil<\/p>\n<p>\ud83e\udd47 Primer lugar: Mirna Reinaga<br \/>\n\ud83e\udd48 Segundo lugar: Mireya Coronel<br \/>\n\ud83e\udd49 Tercer lugar: \u00c1ngela Escopelitis<\/p>\n<p>Ganadores 10K Varonil<\/p>\n<p>\ud83e\udd47 Primer lugar: Coronel Alarc\u00f3n<br \/>\n\ud83e\udd48 Segundo lugar: Aitor Cuen<br \/>\n\ud83e\udd49 Tercer lugar: Eduardo R\u00edos<\/p>\n<p>Ganadores 5K Femenil<\/p>\n<p>\ud83e\udd47 Primer lugar: Abigail Soto<br \/>\n\ud83e\udd48 Segundo lugar: Cristina Aispuro<br \/>\n\ud83e\udd49 Tercer lugar: F\u00e1tima F\u00e9lix<\/p>\n<p>Ganadores 5K Varonil<\/p>\n<p>\ud83e\udd47 Primer lugar: Manuel Ojeda<br \/>\n\ud83e\udd48 Segundo lugar: Gilyan Berrelleza<br \/>\n\ud83e\udd49 Tercer lugar: Jonathan Aguilar<\/p>\n<p><img loading=\"lazy\" decoding=\"async\" class=\"alignnone size-medium wp-image-144853 aligncenter\" src=\"https:\/\/plataformanoticias.mx\/wp-content\/uploads\/2026\/09\/314d751e-9c6e-4c08-9679-243c9d44621f-300x200.jpeg\" alt=\"\" width=\"300\" height=\"200\" srcset=\"https:\/\/plataformanoticias.mx\/wp-content\/uploads\/2026\/09\/314d751e-9c6e-4c08-9679-243c9d44621f-300x200.jpeg 300w, https:\/\/plataformanoticias.mx\/wp-content\/uploads\/2026\/09\/314d751e-9c6e-4c08-9679-243c9d44621f-1024x682.jpeg 1024w, https:\/\/plataformanoticias.mx\/wp-content\/uploads\/2026\/09\/314d751e-9c6e-4c08-9679-243c9d44621f-768x512.jpeg 768w, https:\/\/plataformanoticias.mx\/wp-content\/uploads\/2026\/09\/314d751e-9c6e-4c08-9679-243c9d44621f-1536x1023.jpeg 1536w, https:\/\/plataformanoticias.mx\/wp-content\/uploads\/2026\/09\/314d751e-9c6e-4c08-9679-243c9d44621f.jpeg 1600w\" sizes=\"auto, (max-width: 300px) 100vw, 300px\" \/><\/p>\n<p>Cruz Roja Mexicana, Delegaci\u00f3n Estatal Sinaloa, felicit\u00f3 a todas y todos los participantes, especialmente a quienes alcanzaron los primeros lugares, reconociendo su esfuerzo, constancia y dedicaci\u00f3n para conquistar el podio.<\/p>\n<p>Asimismo, agradeci\u00f3 a las familias, voluntariado, personal operativo, patrocinadores y a cada una de las personas que hicieron posible esta edici\u00f3n de Todo M\u00e9xico Salvando Vidas, as\u00ed como a quienes decidieron correr con causa y contribuir al fortalecimiento de la labor humanitaria de la instituci\u00f3n.<\/p>\n<p>&nbsp;<\/p>\n<p>Todo M\u00e9xico Salvando Vidas es m\u00e1s que una carrera: es una oportunidad para unir a la sociedad en torno a una causa com\u00fan y recordar que, cuando trabajamos juntos, cada paso puede convertirse en una acci\u00f3n que ayude a salvar vidas.<\/p>\n<p>\u00a1Felicidades a todas y todos los corredores!<br \/>\nGracias por correr, competir y, sobre todo, por correr con causa y seguir Salvando Vidas.<\/p>\n<p>Cruz Roja Mexicana<br \/>\nDelegaci\u00f3n Estatal Sinaloa<\/p>\n","protected":false},"excerpt":{"rendered":"<p>Culiac\u00e1n, Sinaloa.\u2013\u00a0Con una jornada llena de energ\u00eda, entusiasmo y solidaridad, se llev\u00f3 a cabo en Sinaloa la Carrera Todo M\u00e9xico Salvando Vidas 2026, organizada por Cruz Roja Mexicana, donde miles de participantes se sumaron a esta iniciativa que combina la activaci\u00f3n f\u00edsica con una causa que salva vidas. Desde temprana hora, corredoras, corredores, familias y<\/p>\n","protected":false},"author":6,"featured_media":144850,"comment_status":"closed","ping_status":"closed","sticky":false,"template":"","format":"standard","meta":{"footnotes":""},"categories":[28],"tags":[],"class_list":["post-144848","post","type-post","status-publish","format-standard","has-post-thumbnail","hentry","category-centro"],"_links":{"self":[{"href":"https:\/\/plataformanoticias.mx\/index.php?rest_route=\/wp\/v2\/posts\/144848","targetHints":{"allow":["GET"]}}],"collection":[{"href":"https:\/\/plataformanoticias.mx\/index.php?rest_route=\/wp\/v2\/posts"}],"about":[{"href":"https:\/\/plataformanoticias.mx\/index.php?rest_route=\/wp\/v2\/types\/post"}],"author":[{"embeddable":true,"href":"https:\/\/plataformanoticias.mx\/index.php?rest_route=\/wp\/v2\/users\/6"}],"replies":[{"embeddable":true,"href":"https:\/\/plataformanoticias.mx\/index.php?rest_route=%2Fwp%2Fv2%2Fcomments&post=144848"}],"version-history":[{"count":1,"href":"https:\/\/plataformanoticias.mx\/index.php?rest_route=\/wp\/v2\/posts\/144848\/revisions"}],"predecessor-version":[{"id":144854,"href":"https:\/\/plataformanoticias.mx\/index.php?rest_route=\/wp\/v2\/posts\/144848\/revisions\/144854"}],"wp:featuredmedia":[{"embeddable":true,"href":"https:\/\/plataformanoticias.mx\/index.php?rest_route=\/wp\/v2\/media\/144850"}],"wp:attachment":[{"href":"https:\/\/plataformanoticias.mx\/index.php?rest_route=%2Fwp%2Fv2%2Fmedia&parent=144848"}],"wp:term":[{"taxonomy":"category","embeddable":true,"href":"https:\/\/plataformanoticias.mx\/index.php?rest_route=%2Fwp%2Fv2%2Fcategories&post=144848"},{"taxonomy":"post_tag","embeddable":true,"href":"https:\/\/plataformanoticias.mx\/index.php?rest_route=%2Fwp%2Fv2%2Ftags&post=144848"}],"curies":[{"name":"wp","href":"https:\/\/api.w.org\/{rel}","templated":true}]}}