{"id":80757,"date":"2022-09-02T11:30:36","date_gmt":"2022-09-02T18:30:36","guid":{"rendered":"https:\/\/plataformanoticias.mx\/?p=80757"},"modified":"2022-09-02T11:30:36","modified_gmt":"2022-09-02T18:30:36","slug":"garantiza-el-alcalde-gvl-que-las-condiciones-de-la-planta-potabilizadora-del-5-de-mayo-es-optima-para-su-uso","status":"publish","type":"post","link":"https:\/\/plataformanoticias.mx\/?p=80757","title":{"rendered":"Garantiza el Alcalde GVL que las condiciones de la planta potabilizadora del 5 de Mayo es \u00f3ptima para su uso."},"content":{"rendered":"\n<p><\/p>\n\n\n\n<p><strong><em>*As\u00ed lo confirm\u00f3 el Pdte. Mpal. en visita y recorrido a las\ninstalaciones la ma\u00f1ana de este viernes, despu\u00e9s de la fuga de gas cloro que se\nregistr\u00f3 la tarde noche del jueves en dicha planta.<\/em><\/strong><\/p>\n\n\n\n<p><strong>Ejido 5 de Mayo, Ahome, Sinaloa.- <\/strong>Ante el llamado de emergencia por expulsi\u00f3n de gas cloro en la planta potabilizador del Ejido 5 de Mayo, que por fortuna no ocasion\u00f3 da\u00f1os mayores entre la poblaci\u00f3n, el Presidente Municipal Gerardo Octavio Vargas Landeros, acudi\u00f3 al lugar para supervisar e inspeccionar el caso.<\/p>\n\n\n\n<p>Despu\u00e9s del recorrido por las instalaciones de la\nplanta, en entrevista, el Alcalde explic\u00f3 que la fuga del gas se dio durante la\ntarde noche, y los operativos de seguridad y protecci\u00f3n se activaron para\natender a la poblaci\u00f3n.<\/p>\n\n\n\n<p>Dijo que, por fortuna, el incidente no afect\u00f3 a\npersonas, sin embargo, s\u00ed da\u00f1o a la flora, por lo que pidi\u00f3 a los t\u00e9cnicos\nespecialistas encargados del tema, y a la misma poblaci\u00f3n, tomar las\nprevenciones necesarias para que nadie resulte da\u00f1ado.<\/p>\n\n\n\n<p>\u201cSe est\u00e1 revisando y todo parece ser que el caso fue producto de fallas en el tanque del gas, pero, independientemente de todo, aqu\u00ed estoy, y he girado instrucci\u00f3n de que se d\u00e9 seguimiento a las condiciones del tanque y la planta, as\u00ed como de los vecinos que resultaron afectados, qu\u00e9 es lo m\u00e1s importante\u201d.<\/p>\n\n\n\n<p><img loading=\"lazy\" decoding=\"async\" width=\"1280\" height=\"853\" class=\"wp-image-80760\" style=\"width: 650px\" src=\"https:\/\/plataformanoticias.mx\/wp-content\/uploads\/2022\/09\/36c41194-09cd-4bf2-98a4-06100254ab73.jpg\" alt=\"\" srcset=\"https:\/\/plataformanoticias.mx\/wp-content\/uploads\/2022\/09\/36c41194-09cd-4bf2-98a4-06100254ab73.jpg 1280w, https:\/\/plataformanoticias.mx\/wp-content\/uploads\/2022\/09\/36c41194-09cd-4bf2-98a4-06100254ab73-300x200.jpg 300w, https:\/\/plataformanoticias.mx\/wp-content\/uploads\/2022\/09\/36c41194-09cd-4bf2-98a4-06100254ab73-1024x682.jpg 1024w, https:\/\/plataformanoticias.mx\/wp-content\/uploads\/2022\/09\/36c41194-09cd-4bf2-98a4-06100254ab73-768x512.jpg 768w\" sizes=\"auto, (max-width: 1280px) 100vw, 1280px\" \/><\/p>\n\n\n\n<p>Vargas Landeros aclar\u00f3 que las personas afectadas\nque fueron atendidas de inmediato en el Hospital general fueron dadas de alta\ndesde las 7 de la ma\u00f1ana.<\/p>\n\n\n\n<p>\u201cSe actu\u00f3 de inmediato por parte de los equipos del\npersonal t\u00e9cnico quienes saben c\u00f3mo atender estas situaciones. Ojal\u00e1 esto sirva\nde ejemplo para estar atentos. Lo que s\u00ed les digo es que la calidad del agua\nest\u00e1 garantizada para las familias que se abastecen de esta planta\u201d.<\/p>\n\n\n\n<p>Por su parte el gerente general de la JAPAMA Ra\u00fal\nP\u00e9rez, explic\u00f3 que fue una fisura en el tanque lo que origin\u00f3 la fuga, y que de\ninmediato se atendi\u00f3 el conflicto y a la poblaci\u00f3n para ponerla a salvo.<\/p>\n\n\n\n<p>Subray\u00f3 que el Presidente Municipal, les dio\ninstrucci\u00f3n de que se verifique que todos los sistemas de agua potable est\u00e9n\noperando en \u00f3ptimas condiciones, y se eviten a la mayor posibilidad este tipo\nde incidentes.<\/p>\n","protected":false},"excerpt":{"rendered":"<p>*As\u00ed lo confirm\u00f3 el Pdte. Mpal. en visita y recorrido a las instalaciones la ma\u00f1ana de este viernes, despu\u00e9s de la fuga de gas cloro que se registr\u00f3 la tarde noche del jueves en dicha planta. Ejido 5 de Mayo, Ahome, Sinaloa.- Ante el llamado de emergencia por expulsi\u00f3n de gas cloro en la planta<\/p>\n","protected":false},"author":6,"featured_media":80759,"comment_status":"closed","ping_status":"closed","sticky":false,"template":"","format":"standard","meta":{"footnotes":""},"categories":[38],"tags":[],"class_list":["post-80757","post","type-post","status-publish","format-standard","has-post-thumbnail","hentry","category-locales"],"_links":{"self":[{"href":"https:\/\/plataformanoticias.mx\/index.php?rest_route=\/wp\/v2\/posts\/80757","targetHints":{"allow":["GET"]}}],"collection":[{"href":"https:\/\/plataformanoticias.mx\/index.php?rest_route=\/wp\/v2\/posts"}],"about":[{"href":"https:\/\/plataformanoticias.mx\/index.php?rest_route=\/wp\/v2\/types\/post"}],"author":[{"embeddable":true,"href":"https:\/\/plataformanoticias.mx\/index.php?rest_route=\/wp\/v2\/users\/6"}],"replies":[{"embeddable":true,"href":"https:\/\/plataformanoticias.mx\/index.php?rest_route=%2Fwp%2Fv2%2Fcomments&post=80757"}],"version-history":[{"count":1,"href":"https:\/\/plataformanoticias.mx\/index.php?rest_route=\/wp\/v2\/posts\/80757\/revisions"}],"predecessor-version":[{"id":80761,"href":"https:\/\/plataformanoticias.mx\/index.php?rest_route=\/wp\/v2\/posts\/80757\/revisions\/80761"}],"wp:featuredmedia":[{"embeddable":true,"href":"https:\/\/plataformanoticias.mx\/index.php?rest_route=\/wp\/v2\/media\/80759"}],"wp:attachment":[{"href":"https:\/\/plataformanoticias.mx\/index.php?rest_route=%2Fwp%2Fv2%2Fmedia&parent=80757"}],"wp:term":[{"taxonomy":"category","embeddable":true,"href":"https:\/\/plataformanoticias.mx\/index.php?rest_route=%2Fwp%2Fv2%2Fcategories&post=80757"},{"taxonomy":"post_tag","embeddable":true,"href":"https:\/\/plataformanoticias.mx\/index.php?rest_route=%2Fwp%2Fv2%2Ftags&post=80757"}],"curies":[{"name":"wp","href":"https:\/\/api.w.org\/{rel}","templated":true}]}}