{"id":80775,"date":"2022-09-02T11:48:02","date_gmt":"2022-09-02T18:48:02","guid":{"rendered":"https:\/\/plataformanoticias.mx\/?p=80775"},"modified":"2022-09-02T11:48:04","modified_gmt":"2022-09-02T18:48:04","slug":"listo-operativo-de-seguridad-y-proteccion-ante-posible-llegada-de-ciclon-la-proxima-semana-gerardo-vargas-landeros","status":"publish","type":"post","link":"https:\/\/plataformanoticias.mx\/?p=80775","title":{"rendered":"\u201cListo operativo de seguridad y protecci\u00f3n ante posible llegada de cicl\u00f3n la pr\u00f3xima semana\u201d: Gerardo Vargas Landeros."},"content":{"rendered":"\n<p><strong><em>*El Presidente Municipal inform\u00f3 que la participaci\u00f3n ciudadana es\nelemental para garantizar el \u00e9xito de los operativos y no padecer lamentables\nconsecuencias, de ah\u00ed el llamado a reforzar la cultura del autocuidado\u2026<\/em><\/strong><\/p>\n\n\n\n<p><strong>Los Mochis, Ahome, Sinaloa.- <\/strong>El Presidente Municipal Gerardo Octavio Vargas Landeros, inform\u00f3 que los pron\u00f3sticos del clima es que, para la pr\u00f3xima semana, entre los d\u00edas martes y mi\u00e9rcoles, en la localidad se presenten lluvias y vientos fuertes por cicl\u00f3n, de ah\u00ed que todos debemos tomar las prevenciones necesarias.<\/p>\n\n\n\n<p>El Alcalde explic\u00f3 que, durante la reuni\u00f3n de\ntrabajo de la mesa de seguridad por la paz, que todos los d\u00edas se realiza a\nprimera hora en Ahome, con los integrantes de las distintas corporaciones e\ninstituciones involucradas en los operativos de seguridad y protecci\u00f3n ciudadana,\nse expuso que el pron\u00f3stico es que la pr\u00f3xima semana la localidad resulte\nafectada por este fen\u00f3meno meteorol\u00f3gico.<\/p>\n\n\n\n<p>\u201cTodo indica que, dicho fen\u00f3meno, afecte al Golfo de\nCalifornia, y por supuesto a Sinaloa y nuestra regi\u00f3n, por lo que estamos y\nestaremos muy pendientes, monitoreando\u201d.<\/p>\n\n\n\n<p>El llamado a la ciudadan\u00eda es que est\u00e9 atenta y\nasuma la cultura del autocuidado.<\/p>\n\n\n\n<p>\u201cNosotros como autoridad estamos listos, pero\nocupamos que la sociedad tambi\u00e9n lo est\u00e9 y tomen sus prevenciones ya que pueden\npresentarse fallas de agua y de electricidad al registrarse fuertes vientos y mucha\nlluvia\u201d.<\/p>\n\n\n\n<p>Vargas Landeros asegur\u00f3 que los operativos del\nGobierno de Ahome est\u00e1n en alerta las 24\/7 y que cada quien ya sabe cu\u00e1les son\nsus actividades prioritarias.<\/p>\n\n\n\n<p>Tambi\u00e9n dijo que los organismos e instituciones de\napoyo como la SEMAR, el Ej\u00e9rcito, la Guardia Nacional y dem\u00e1s corporaciones\npoliciales y de seguridad oficiales y organismos de auxilio como Bomberos, Cruz\nRoja, SUMMA y Protecci\u00f3n Civil, entre otros, est\u00e1n a la par del operativo de Gobierno\npara atender a la poblaci\u00f3n en cualquier contingencia o emergencia que se\npudiera presentar.<\/p>\n","protected":false},"excerpt":{"rendered":"<p>*El Presidente Municipal inform\u00f3 que la participaci\u00f3n ciudadana es elemental para garantizar el \u00e9xito de los operativos y no padecer lamentables consecuencias, de ah\u00ed el llamado a reforzar la cultura del autocuidado\u2026 Los Mochis, Ahome, Sinaloa.- El Presidente Municipal Gerardo Octavio Vargas Landeros, inform\u00f3 que los pron\u00f3sticos del clima es que, para la pr\u00f3xima semana,<\/p>\n","protected":false},"author":6,"featured_media":80777,"comment_status":"closed","ping_status":"closed","sticky":false,"template":"","format":"standard","meta":{"footnotes":""},"categories":[38],"tags":[],"class_list":["post-80775","post","type-post","status-publish","format-standard","has-post-thumbnail","hentry","category-locales"],"_links":{"self":[{"href":"https:\/\/plataformanoticias.mx\/index.php?rest_route=\/wp\/v2\/posts\/80775","targetHints":{"allow":["GET"]}}],"collection":[{"href":"https:\/\/plataformanoticias.mx\/index.php?rest_route=\/wp\/v2\/posts"}],"about":[{"href":"https:\/\/plataformanoticias.mx\/index.php?rest_route=\/wp\/v2\/types\/post"}],"author":[{"embeddable":true,"href":"https:\/\/plataformanoticias.mx\/index.php?rest_route=\/wp\/v2\/users\/6"}],"replies":[{"embeddable":true,"href":"https:\/\/plataformanoticias.mx\/index.php?rest_route=%2Fwp%2Fv2%2Fcomments&post=80775"}],"version-history":[{"count":1,"href":"https:\/\/plataformanoticias.mx\/index.php?rest_route=\/wp\/v2\/posts\/80775\/revisions"}],"predecessor-version":[{"id":80778,"href":"https:\/\/plataformanoticias.mx\/index.php?rest_route=\/wp\/v2\/posts\/80775\/revisions\/80778"}],"wp:featuredmedia":[{"embeddable":true,"href":"https:\/\/plataformanoticias.mx\/index.php?rest_route=\/wp\/v2\/media\/80777"}],"wp:attachment":[{"href":"https:\/\/plataformanoticias.mx\/index.php?rest_route=%2Fwp%2Fv2%2Fmedia&parent=80775"}],"wp:term":[{"taxonomy":"category","embeddable":true,"href":"https:\/\/plataformanoticias.mx\/index.php?rest_route=%2Fwp%2Fv2%2Fcategories&post=80775"},{"taxonomy":"post_tag","embeddable":true,"href":"https:\/\/plataformanoticias.mx\/index.php?rest_route=%2Fwp%2Fv2%2Ftags&post=80775"}],"curies":[{"name":"wp","href":"https:\/\/api.w.org\/{rel}","templated":true}]}}