{"id":80782,"date":"2022-09-02T12:18:20","date_gmt":"2022-09-02T19:18:20","guid":{"rendered":"https:\/\/plataformanoticias.mx\/?p=80782"},"modified":"2022-09-02T12:18:21","modified_gmt":"2022-09-02T19:18:21","slug":"busca-ayuntamiento-que-cfe-le-reintegre-cobros-extras-de-1-mdp-al-mes-en-el-pago-de-alumbrado-publico","status":"publish","type":"post","link":"https:\/\/plataformanoticias.mx\/?p=80782","title":{"rendered":"Busca Ayuntamiento que CFE le reintegre cobros extras de 1 mdp al mes en el pago de alumbrado p\u00fablico."},"content":{"rendered":"\n<p><strong><em>El<\/em><\/strong><strong><em>&nbsp;Tesorero Municipal Antonio Vega dijo que en las revisiones se han detectado hasta 35 mdp extraordinarios en los \u00faltimos&nbsp;<\/em><\/strong><strong><em>tres a\u00f1os<\/em><\/strong><strong><em>\u2026<\/em><\/strong><\/p>\n\n\n\n<p><strong>Los Mochis,\u00a0Ahome, Sinaloa.-\u00a0<\/strong>Ante la sospecha de que la Comisi\u00f3n Federal de\u00a0Electricidad (CFE) est\u00e1\u00a0aplicando\u00a0cobro\u00a0excesivo en el alumbrado p\u00fablico del Municipio de Ahome, de 1 mill\u00f3n de pesos mensuales extras, el Ayuntamiento se\u00a0ha amparado\u00a0e interpuesto\u00a0denuncia\u00a0ante las autoridades correspondientes con la finalidad\u00a0de recuperar dichos cobros,\u00a0que oscilan hasta por 35 millones de pesos\u00a0en los \u00faltimos tres a\u00f1os.<\/p>\n\n\n\n<p>Antonio Vega&nbsp;Arellano, titular de la Tesorer\u00eda Municipal,inform\u00f3&nbsp;que,&nbsp;durante las revisiones de&nbsp;los gastos del Gobierno&nbsp;de Ahome, que cada mes&nbsp;se&nbsp;realizan en&nbsp;las mesasde an\u00e1lisis, se observ\u00f3&nbsp;esta anomal\u00eda financiera, de ah\u00ed que se&nbsp;tuvo un&nbsp;acercamiento&nbsp;ante la CFE para revisar juntos eltema, pero ante la negativa de la Comisi\u00f3n, el Ayuntamiento opt\u00f3&nbsp;por contratar&nbsp;los servicios especializados de&nbsp;unaempresa&nbsp;externa para el efecto.<\/p>\n\n\n\n<p>Explic\u00f3&nbsp;que,&nbsp;durante el trabajo de Sistemas y&nbsp;Servicios para el alumbrado p\u00fablico,&nbsp;se&nbsp;ratific\u00f3 la observaci\u00f3n del cobro extra, de alrededor de 1 mill\u00f3n de pesos por mes.<\/p>\n\n\n\n<p>\u201cCreemos que hay cobro en exceso en luminarias&nbsp;del alumbrado p\u00fablico que usualmente es de&nbsp;5&nbsp;millones de pesos&nbsp;mensual.&nbsp;Creemos que&nbsp;debe&nbsp;haber&nbsp;f\u00e1cilmente un excesivo de&nbsp;1&nbsp;mill\u00f3n de pesos&nbsp;al mes extra\u201d, expres\u00f3 Vega Arellano.<\/p>\n\n\n\n<p>Dijo que el tema&nbsp;se viene revisando desde hace poco m\u00e1s de&nbsp;tres meses&nbsp;y se tiene la sospecha de que durante los \u00faltimos a\u00f1os se han pagado alrededor de 35 millones de pesos que se pueden recuperar.<\/p>\n\n\n\n<p>\u201cComo&nbsp;Administraci\u00f3n P\u00fablica, y por&nbsp;instrucci\u00f3n delAlcalde&nbsp;Gerardo Vargas Landeros, hemos estado checando&nbsp;los gastos&nbsp;cada mes, de ah\u00ed que encontramos esta posible anomal\u00eda,&nbsp;y por eso&nbsp;contratamos&nbsp;una empresa revisora externa para ello, ya que la CFE se neg\u00f3 a&nbsp;examinar&nbsp;junto con nosotros el tema\u201d.<\/p>\n\n\n\n<p>Subray\u00f3 que el Ayuntamiento ya present\u00f3 un&nbsp;amparo ante&nbsp;la autoridad correspondiente, y una denuncia&nbsp;a&nbsp;la CFE&nbsp;para dejar de&nbsp;pagar&nbsp;el servicio&nbsp;en tanto se&nbsp;aclare&nbsp;el asunto, pero que el&nbsp;amparo fue rechazado por lo que se procedi\u00f3 a interponer una&nbsp;demanda para tratar&nbsp;de&nbsp;recuperar dichos recursos.<\/p>\n\n\n\n<p>Dijo que la empresa contratada cuenta con experiencia el respecto en otras entidades con \u00e9xito y que lo que se busca es que la CFE acepte la anomal\u00eda y reintegre al Ayuntamiento los cobros extras, o bien los haga validos en descuentos en cobros posteriores.<\/p>\n\n\n\n<p>\u201cEl alcalde&nbsp;est\u00e1&nbsp;tomando nota&nbsp;de esto desde hace meses atr\u00e1s y el&nbsp;pasado 25 de&nbsp;agosto&nbsp;se sostuvo&nbsp;una reuni\u00f3n con los&nbsp;abogados, la empresa contratada y con representantes de la CFE&nbsp;para&nbsp;avanzar en este asunto, donde incluso propusimos depositar el pago ante el juzgado en tanto se aclara el asunto: porque lo que no queremos es que nuestro adeudo crezca y cumplir con nuestra obligaci\u00f3n, pero tambi\u00e9n que no se cobre de m\u00e1s\u201d.<\/p>\n","protected":false},"excerpt":{"rendered":"<p>El&nbsp;Tesorero Municipal Antonio Vega dijo que en las revisiones se han detectado hasta 35 mdp extraordinarios en los \u00faltimos&nbsp;tres a\u00f1os\u2026 Los Mochis,\u00a0Ahome, Sinaloa.-\u00a0Ante la sospecha de que la Comisi\u00f3n Federal de\u00a0Electricidad (CFE) est\u00e1\u00a0aplicando\u00a0cobro\u00a0excesivo en el alumbrado p\u00fablico del Municipio de Ahome, de 1 mill\u00f3n de pesos mensuales extras, el Ayuntamiento se\u00a0ha amparado\u00a0e interpuesto\u00a0denuncia\u00a0ante las autoridades<\/p>\n","protected":false},"author":6,"featured_media":80785,"comment_status":"closed","ping_status":"closed","sticky":false,"template":"","format":"standard","meta":{"footnotes":""},"categories":[38],"tags":[],"class_list":["post-80782","post","type-post","status-publish","format-standard","has-post-thumbnail","hentry","category-locales"],"_links":{"self":[{"href":"https:\/\/plataformanoticias.mx\/index.php?rest_route=\/wp\/v2\/posts\/80782","targetHints":{"allow":["GET"]}}],"collection":[{"href":"https:\/\/plataformanoticias.mx\/index.php?rest_route=\/wp\/v2\/posts"}],"about":[{"href":"https:\/\/plataformanoticias.mx\/index.php?rest_route=\/wp\/v2\/types\/post"}],"author":[{"embeddable":true,"href":"https:\/\/plataformanoticias.mx\/index.php?rest_route=\/wp\/v2\/users\/6"}],"replies":[{"embeddable":true,"href":"https:\/\/plataformanoticias.mx\/index.php?rest_route=%2Fwp%2Fv2%2Fcomments&post=80782"}],"version-history":[{"count":1,"href":"https:\/\/plataformanoticias.mx\/index.php?rest_route=\/wp\/v2\/posts\/80782\/revisions"}],"predecessor-version":[{"id":80786,"href":"https:\/\/plataformanoticias.mx\/index.php?rest_route=\/wp\/v2\/posts\/80782\/revisions\/80786"}],"wp:featuredmedia":[{"embeddable":true,"href":"https:\/\/plataformanoticias.mx\/index.php?rest_route=\/wp\/v2\/media\/80785"}],"wp:attachment":[{"href":"https:\/\/plataformanoticias.mx\/index.php?rest_route=%2Fwp%2Fv2%2Fmedia&parent=80782"}],"wp:term":[{"taxonomy":"category","embeddable":true,"href":"https:\/\/plataformanoticias.mx\/index.php?rest_route=%2Fwp%2Fv2%2Fcategories&post=80782"},{"taxonomy":"post_tag","embeddable":true,"href":"https:\/\/plataformanoticias.mx\/index.php?rest_route=%2Fwp%2Fv2%2Ftags&post=80782"}],"curies":[{"name":"wp","href":"https:\/\/api.w.org\/{rel}","templated":true}]}}