{"id":80788,"date":"2022-09-02T15:12:24","date_gmt":"2022-09-02T22:12:24","guid":{"rendered":"https:\/\/plataformanoticias.mx\/?p=80788"},"modified":"2022-09-02T15:12:25","modified_gmt":"2022-09-02T22:12:25","slug":"gobierno-municipal-y-estatal-apoyaran-a-familias-afectadas-por-las-lluvias","status":"publish","type":"post","link":"https:\/\/plataformanoticias.mx\/?p=80788","title":{"rendered":"Gobierno Municipal y Estatal apoyar\u00e1n a familias afectadas por las lluvias."},"content":{"rendered":"\n<p><strong><em>*<\/em><\/strong><strong><em>Genaro Garc\u00eda Castro, Secretario del Ayuntamiento<\/em><\/strong><strong><em>, explic\u00f3 que por instrucci\u00f3n del Gobernador de Sinaloa, doctor Rub\u00e9n Rocha Moya, se tiene que enviar un informe de los da\u00f1os registrados en el municipio para poder recibir&nbsp;<\/em><\/strong><strong><em>recursos<\/em><\/strong><strong><em>\u2026<\/em><\/strong><\/p>\n\n\n\n<p><strong>Los Mochis<\/strong><strong>, Ahome, Sinaloa a&nbsp;<\/strong><strong>2<\/strong><strong>&nbsp;<\/strong><strong>de&nbsp;<\/strong><strong>Septiembre<\/strong><strong>&nbsp;<\/strong><strong>del 2022<\/strong><strong>.-<\/strong><strong><\/strong>El Gobierno Municipal, con aportaci\u00f3n del Gobierno del Estado, apoyar\u00e1 a las familias que han sido afectadas por las lluvias, inform\u00f3&nbsp;Genaro Garc\u00eda Castro,&nbsp;Secretario del Ayuntamiento&nbsp;de Ahome.<\/p>\n\n\n\n<p>Explic\u00f3 que el Gobernador de Sinaloa, en su calidad de Presidente del Consejo Estatal de Protecci\u00f3n Civil, en una reuni\u00f3n con todos los presidentes municipales, gir\u00f3 la instrucci\u00f3n de enviar informaci\u00f3n de todas las zonas da\u00f1adas por las recientes precipitaciones y de esta forma poder dispersar los recursos.<\/p>\n\n\n\n<p>Genaro Garc\u00eda, quien acudi\u00f3 a la reuni\u00f3n en representaci\u00f3n del Ayuntamiento de Ahome, dijo que \u201cEl Gobernador&nbsp;fue muy enf\u00e1tico en que&nbsp;ser\u00e1n&nbsp;los presidentes y sus equipos de trabajo quienes apoyar\u00e1n a toda la gente que&nbsp;la lluvia les ocasion\u00f3 alg\u00fan da\u00f1o material\u201d.<\/p>\n\n\n\n<p>Destac\u00f3 que en el caso de&nbsp;Ahome s\u00f3lo se han presentado da\u00f1os materiales, donde el recurso ser\u00e1 en proporci\u00f3n a la informaci\u00f3n que se env\u00ede&nbsp;y esta&nbsp;llegar\u00e1 de tres fuentes para un trabajo profesional,&nbsp;las cuales ser\u00e1n DIF Estatal, Servidores de la Naci\u00f3n y el Ayuntamiento de Ahome.<\/p>\n\n\n\n<p>El Secretario inform\u00f3 que se tiene el reporte de 176 familias&nbsp;afectadas por las lluvias, principalmente del&nbsp;Poblado 5,&nbsp;Bacorehuis&nbsp;y el&nbsp;Estero de Juan Jos\u00e9 R\u00edos.<\/p>\n\n\n\n<p>Puntualiz\u00f3 que existir\u00e1n casos en los que el estado ser\u00e1&nbsp;rebasado, y ser\u00e1&nbsp;el Gobernador&nbsp;quien&nbsp;tendr\u00e1 que tocar las puertas de la federaci\u00f3n&nbsp;para ser&nbsp;el contacto con los presidentes municipales.<\/p>\n\n\n\n<p>Garc\u00eda&nbsp;Castro reconoci\u00f3 que tambi\u00e9n cuentan con el apoyo de los m\u00f3dulos de riego, donde el Ayuntamiento aporta el combustible y tuber\u00edas, esto con la finalidad de trabajar para resolver los problemas de inundaciones en la zona rural.<\/p>\n\n\n\n<p>Agreg\u00f3 que durante el encuentro con el Gobernador de Sinaloa tambi\u00e9n se gir\u00f3&nbsp;la instrucci\u00f3n de la creaci\u00f3n de un&nbsp;Atlas de&nbsp;Riesgo,&nbsp;el cual&nbsp;tiene que ser&nbsp;elaborado por los propios ayuntamientos, y en el caso de Ahome ser\u00e1 la Coordinaci\u00f3n de Protecci\u00f3n Civil&nbsp;quien&nbsp;presentar\u00e1 hoy mismo dicho informe, esto por tener conocimiento de las zonas que son m\u00e1s afectadas.<\/p>\n","protected":false},"excerpt":{"rendered":"<p>*Genaro Garc\u00eda Castro, Secretario del Ayuntamiento, explic\u00f3 que por instrucci\u00f3n del Gobernador de Sinaloa, doctor Rub\u00e9n Rocha Moya, se tiene que enviar un informe de los da\u00f1os registrados en el municipio para poder recibir&nbsp;recursos\u2026 Los Mochis, Ahome, Sinaloa a&nbsp;2&nbsp;de&nbsp;Septiembre&nbsp;del 2022.-El Gobierno Municipal, con aportaci\u00f3n del Gobierno del Estado, apoyar\u00e1 a las familias que han sido<\/p>\n","protected":false},"author":6,"featured_media":80790,"comment_status":"closed","ping_status":"closed","sticky":false,"template":"","format":"standard","meta":{"footnotes":""},"categories":[38],"tags":[],"class_list":["post-80788","post","type-post","status-publish","format-standard","has-post-thumbnail","hentry","category-locales"],"_links":{"self":[{"href":"https:\/\/plataformanoticias.mx\/index.php?rest_route=\/wp\/v2\/posts\/80788","targetHints":{"allow":["GET"]}}],"collection":[{"href":"https:\/\/plataformanoticias.mx\/index.php?rest_route=\/wp\/v2\/posts"}],"about":[{"href":"https:\/\/plataformanoticias.mx\/index.php?rest_route=\/wp\/v2\/types\/post"}],"author":[{"embeddable":true,"href":"https:\/\/plataformanoticias.mx\/index.php?rest_route=\/wp\/v2\/users\/6"}],"replies":[{"embeddable":true,"href":"https:\/\/plataformanoticias.mx\/index.php?rest_route=%2Fwp%2Fv2%2Fcomments&post=80788"}],"version-history":[{"count":1,"href":"https:\/\/plataformanoticias.mx\/index.php?rest_route=\/wp\/v2\/posts\/80788\/revisions"}],"predecessor-version":[{"id":80791,"href":"https:\/\/plataformanoticias.mx\/index.php?rest_route=\/wp\/v2\/posts\/80788\/revisions\/80791"}],"wp:featuredmedia":[{"embeddable":true,"href":"https:\/\/plataformanoticias.mx\/index.php?rest_route=\/wp\/v2\/media\/80790"}],"wp:attachment":[{"href":"https:\/\/plataformanoticias.mx\/index.php?rest_route=%2Fwp%2Fv2%2Fmedia&parent=80788"}],"wp:term":[{"taxonomy":"category","embeddable":true,"href":"https:\/\/plataformanoticias.mx\/index.php?rest_route=%2Fwp%2Fv2%2Fcategories&post=80788"},{"taxonomy":"post_tag","embeddable":true,"href":"https:\/\/plataformanoticias.mx\/index.php?rest_route=%2Fwp%2Fv2%2Ftags&post=80788"}],"curies":[{"name":"wp","href":"https:\/\/api.w.org\/{rel}","templated":true}]}}