{"id":80792,"date":"2022-09-02T15:13:42","date_gmt":"2022-09-02T22:13:42","guid":{"rendered":"https:\/\/plataformanoticias.mx\/?p=80792"},"modified":"2022-09-02T15:13:43","modified_gmt":"2022-09-02T22:13:43","slug":"designa-secretario-de-salud-a-nuevo-titular-en-la-jurisdiccion-sanitaria-no-v","status":"publish","type":"post","link":"https:\/\/plataformanoticias.mx\/?p=80792","title":{"rendered":"Designa Secretario de Salud a nuevo Titular en la Jurisdicci\u00f3n Sanitaria No. V"},"content":{"rendered":"\n<p><\/p>\n\n\n\n<p>Mazatl\u00e1n Sinaloa.- Con la finalidad de coordinar los esfuerzos en materia de promoci\u00f3n y prevenci\u00f3n de la salud en la zona sur del estado, el secretario de Salud de Sinaloa, Dr. Cuitl\u00e1huac Gonz\u00e1lez Galindo, design\u00f3 al Dr. Cristopher Jonathan Cruz Maga\u00f1a como nuevo titular de la Jurisdicci\u00f3n Sanitaria No. V con sede en la Ciudad de Mazatl\u00e1n.<img loading=\"lazy\" decoding=\"async\" width=\"1600\" height=\"1134\" class=\"wp-image-80794\" style=\"width: 650px\" src=\"https:\/\/plataformanoticias.mx\/wp-content\/uploads\/2022\/09\/B53551F7-DB0F-45D1-BAD2-2347B9525EF8.jpeg\" alt=\"\" srcset=\"https:\/\/plataformanoticias.mx\/wp-content\/uploads\/2022\/09\/B53551F7-DB0F-45D1-BAD2-2347B9525EF8.jpeg 1600w, https:\/\/plataformanoticias.mx\/wp-content\/uploads\/2022\/09\/B53551F7-DB0F-45D1-BAD2-2347B9525EF8-300x213.jpeg 300w, https:\/\/plataformanoticias.mx\/wp-content\/uploads\/2022\/09\/B53551F7-DB0F-45D1-BAD2-2347B9525EF8-1024x726.jpeg 1024w, https:\/\/plataformanoticias.mx\/wp-content\/uploads\/2022\/09\/B53551F7-DB0F-45D1-BAD2-2347B9525EF8-768x544.jpeg 768w, https:\/\/plataformanoticias.mx\/wp-content\/uploads\/2022\/09\/B53551F7-DB0F-45D1-BAD2-2347B9525EF8-1536x1089.jpeg 1536w\" sizes=\"auto, (max-width: 1600px) 100vw, 1600px\" \/><\/p>\n\n\n\n<p>El Dr. Cruz Maga\u00f1a sustituye en el cargo a la Dra. \u00c1frica Carolina Carrasco Valenzuela, teniendo como principal encomienda la de continuar aplicando los programas institucionales en materia de prevenci\u00f3n con la finalidad de mejorar la calidad de los servicios que se brindan a la poblaci\u00f3n de los municipios de San Ignacio, Mazatl\u00e1n y Concordia que son los que corresponden a la Jurisdicci\u00f3n Sanitaria No. V.<\/p>\n","protected":false},"excerpt":{"rendered":"<p>Mazatl\u00e1n Sinaloa.- Con la finalidad de coordinar los esfuerzos en materia de promoci\u00f3n y prevenci\u00f3n de la salud en la zona sur del estado, el secretario de Salud de Sinaloa, Dr. Cuitl\u00e1huac Gonz\u00e1lez Galindo, design\u00f3 al Dr. Cristopher Jonathan Cruz Maga\u00f1a como nuevo titular de la Jurisdicci\u00f3n Sanitaria No. V con sede en la Ciudad<\/p>\n","protected":false},"author":6,"featured_media":80795,"comment_status":"closed","ping_status":"closed","sticky":false,"template":"","format":"standard","meta":{"footnotes":""},"categories":[28],"tags":[],"class_list":["post-80792","post","type-post","status-publish","format-standard","has-post-thumbnail","hentry","category-centro"],"_links":{"self":[{"href":"https:\/\/plataformanoticias.mx\/index.php?rest_route=\/wp\/v2\/posts\/80792","targetHints":{"allow":["GET"]}}],"collection":[{"href":"https:\/\/plataformanoticias.mx\/index.php?rest_route=\/wp\/v2\/posts"}],"about":[{"href":"https:\/\/plataformanoticias.mx\/index.php?rest_route=\/wp\/v2\/types\/post"}],"author":[{"embeddable":true,"href":"https:\/\/plataformanoticias.mx\/index.php?rest_route=\/wp\/v2\/users\/6"}],"replies":[{"embeddable":true,"href":"https:\/\/plataformanoticias.mx\/index.php?rest_route=%2Fwp%2Fv2%2Fcomments&post=80792"}],"version-history":[{"count":1,"href":"https:\/\/plataformanoticias.mx\/index.php?rest_route=\/wp\/v2\/posts\/80792\/revisions"}],"predecessor-version":[{"id":80796,"href":"https:\/\/plataformanoticias.mx\/index.php?rest_route=\/wp\/v2\/posts\/80792\/revisions\/80796"}],"wp:featuredmedia":[{"embeddable":true,"href":"https:\/\/plataformanoticias.mx\/index.php?rest_route=\/wp\/v2\/media\/80795"}],"wp:attachment":[{"href":"https:\/\/plataformanoticias.mx\/index.php?rest_route=%2Fwp%2Fv2%2Fmedia&parent=80792"}],"wp:term":[{"taxonomy":"category","embeddable":true,"href":"https:\/\/plataformanoticias.mx\/index.php?rest_route=%2Fwp%2Fv2%2Fcategories&post=80792"},{"taxonomy":"post_tag","embeddable":true,"href":"https:\/\/plataformanoticias.mx\/index.php?rest_route=%2Fwp%2Fv2%2Ftags&post=80792"}],"curies":[{"name":"wp","href":"https:\/\/api.w.org\/{rel}","templated":true}]}}