{"id":80797,"date":"2022-09-02T15:15:13","date_gmt":"2022-09-02T22:15:13","guid":{"rendered":"https:\/\/plataformanoticias.mx\/?p=80797"},"modified":"2022-09-02T15:15:15","modified_gmt":"2022-09-02T22:15:15","slug":"se-inaugura-en-puerto-vallarta-el-primer-congreso-internacional-de-mujeres-50-mas-1","status":"publish","type":"post","link":"https:\/\/plataformanoticias.mx\/?p=80797","title":{"rendered":"Se Inaugura en Puerto Vallarta el primer congreso internacional de mujeres 50 m\u00e1s 1"},"content":{"rendered":"\n<figure class=\"wp-block-image size-large\"><img loading=\"lazy\" decoding=\"async\" width=\"1024\" height=\"576\" src=\"https:\/\/plataformanoticias.mx\/wp-content\/uploads\/2022\/09\/B56BCDED-4CDC-44FF-BC23-E635D4C0172C-1024x576.jpeg\" alt=\"\" class=\"wp-image-80799\" srcset=\"https:\/\/plataformanoticias.mx\/wp-content\/uploads\/2022\/09\/B56BCDED-4CDC-44FF-BC23-E635D4C0172C-1024x576.jpeg 1024w, https:\/\/plataformanoticias.mx\/wp-content\/uploads\/2022\/09\/B56BCDED-4CDC-44FF-BC23-E635D4C0172C-300x169.jpeg 300w, https:\/\/plataformanoticias.mx\/wp-content\/uploads\/2022\/09\/B56BCDED-4CDC-44FF-BC23-E635D4C0172C-768x432.jpeg 768w, https:\/\/plataformanoticias.mx\/wp-content\/uploads\/2022\/09\/B56BCDED-4CDC-44FF-BC23-E635D4C0172C-1536x864.jpeg 1536w, https:\/\/plataformanoticias.mx\/wp-content\/uploads\/2022\/09\/B56BCDED-4CDC-44FF-BC23-E635D4C0172C.jpeg 1600w\" sizes=\"auto, (max-width: 1024px) 100vw, 1024px\" \/><\/figure>\n\n\n\n<p>Con la participaci\u00f3n de m\u00e1s de 800 mujeres de 28 estados del pa\u00eds, as\u00ed como mujeres de otros pa\u00edses, se inaugur\u00f3 este viernes en el Centro Internacional de Convenciones de Puerto Vallarta, el primer Congreso Internacional del Colectivo 50+1, que buscan sumar esfuerzos para incidir en las decisiones del pa\u00eds e impactar de manera positiva en la sociedad.&nbsp;<\/p>\n\n\n\n<p>Con la participaci\u00f3n de grandes mujeres que est\u00e1n presentes en la vida pol\u00edtica, social y econ\u00f3mica de M\u00e9xico, dio inicio estos dos d\u00edas de trabajos, donde el objetivo principal es presentar propuestas y alternativas donde las mujeres logren alcanzar la paridad. <\/p>\n\n\n\n<p>Dentro de este magno evento, plural, particip\u00f3 el colectivo en Sinaloa, que lo preside Ericka S\u00e1nchez Mart\u00ednez, reconoci\u00f3 la participaci\u00f3n de grandes mujeres que lograr\u00e1n incidir en la vida de todas y todos en el pa\u00eds pero tambi\u00e9n en Sinaloa.<\/p>\n\n\n\n<p>\u201cEsto es un espacio en el que tenemos la oportunidad de hacer nuestras reflexiones de presentar alternativas de presentar propuestas para que las mujeres podamos alcanzar la paridad y tener por qu\u00e9 no un M\u00e9xico m\u00e1s igualitario\u201d puntualiz\u00f3.<\/p>\n\n\n\n<figure class=\"wp-block-image size-large\"><img loading=\"lazy\" decoding=\"async\" width=\"1024\" height=\"768\" src=\"https:\/\/plataformanoticias.mx\/wp-content\/uploads\/2022\/09\/E6438500-B5C2-4703-A850-159A59F47B04-1024x768.jpeg\" alt=\"\" class=\"wp-image-80800\" srcset=\"https:\/\/plataformanoticias.mx\/wp-content\/uploads\/2022\/09\/E6438500-B5C2-4703-A850-159A59F47B04-1024x768.jpeg 1024w, https:\/\/plataformanoticias.mx\/wp-content\/uploads\/2022\/09\/E6438500-B5C2-4703-A850-159A59F47B04-300x225.jpeg 300w, https:\/\/plataformanoticias.mx\/wp-content\/uploads\/2022\/09\/E6438500-B5C2-4703-A850-159A59F47B04-768x576.jpeg 768w, https:\/\/plataformanoticias.mx\/wp-content\/uploads\/2022\/09\/E6438500-B5C2-4703-A850-159A59F47B04-1536x1152.jpeg 1536w, https:\/\/plataformanoticias.mx\/wp-content\/uploads\/2022\/09\/E6438500-B5C2-4703-A850-159A59F47B04.jpeg 1600w\" sizes=\"auto, (max-width: 1024px) 100vw, 1024px\" \/><\/figure>\n\n\n\n<p>S\u00e1nchez Mart\u00ednez reconoci\u00f3 el liderazgo de Mar\u00eda Elena Orantes, presidenta nacional de este gran colectivo de mujeres 50 m\u00e1s 1, as\u00ed como la participaci\u00f3n de la senadora Beatriz Paredes, diputada federal Carolina Viggiano y de Cecilia Patr\u00f3n, secretaria general del PAN <\/p>\n\n\n\n<p>\u201cNecesitamos tener una agenda plural, donde podamos atender temas de derechos humanos, temas de violencia, donde podamos acceder a una mejor manera espacios de toma de decisiones como en el \u00e1mbito p\u00fablico y privado, estaremos en diferentes mesas de trabajo todo el d\u00eda de hoy y ma\u00f1ana, y estoy segura que los resultados ser\u00e1 muy provechosas para las mujeres de Sinaloa\u201d enfatiz\u00f3.<\/p>\n\n\n\n<p>Dentro de m\u00e1s integrante que estuvieron representando a Sinaloa se encuentra Nubia Ramos, Fernanda Rivera, Monica L\u00f3pez, Margarita Ur\u00edas, Laura Bon Gonz\u00e1lez , Vanessa S\u00e1nchez, Gabriela Inzunza, Elsy Montoya, entre otras.<\/p>\n","protected":false},"excerpt":{"rendered":"<p>Con la participaci\u00f3n de m\u00e1s de 800 mujeres de 28 estados del pa\u00eds, as\u00ed como mujeres de otros pa\u00edses, se inaugur\u00f3 este viernes en el Centro Internacional de Convenciones de Puerto Vallarta, el primer Congreso Internacional del Colectivo 50+1, que buscan sumar esfuerzos para incidir en las decisiones del pa\u00eds e impactar de manera positiva<\/p>\n","protected":false},"author":6,"featured_media":80801,"comment_status":"closed","ping_status":"closed","sticky":false,"template":"","format":"standard","meta":{"footnotes":""},"categories":[31],"tags":[],"class_list":["post-80797","post","type-post","status-publish","format-standard","has-post-thumbnail","hentry","category-politica"],"_links":{"self":[{"href":"https:\/\/plataformanoticias.mx\/index.php?rest_route=\/wp\/v2\/posts\/80797","targetHints":{"allow":["GET"]}}],"collection":[{"href":"https:\/\/plataformanoticias.mx\/index.php?rest_route=\/wp\/v2\/posts"}],"about":[{"href":"https:\/\/plataformanoticias.mx\/index.php?rest_route=\/wp\/v2\/types\/post"}],"author":[{"embeddable":true,"href":"https:\/\/plataformanoticias.mx\/index.php?rest_route=\/wp\/v2\/users\/6"}],"replies":[{"embeddable":true,"href":"https:\/\/plataformanoticias.mx\/index.php?rest_route=%2Fwp%2Fv2%2Fcomments&post=80797"}],"version-history":[{"count":1,"href":"https:\/\/plataformanoticias.mx\/index.php?rest_route=\/wp\/v2\/posts\/80797\/revisions"}],"predecessor-version":[{"id":80802,"href":"https:\/\/plataformanoticias.mx\/index.php?rest_route=\/wp\/v2\/posts\/80797\/revisions\/80802"}],"wp:featuredmedia":[{"embeddable":true,"href":"https:\/\/plataformanoticias.mx\/index.php?rest_route=\/wp\/v2\/media\/80801"}],"wp:attachment":[{"href":"https:\/\/plataformanoticias.mx\/index.php?rest_route=%2Fwp%2Fv2%2Fmedia&parent=80797"}],"wp:term":[{"taxonomy":"category","embeddable":true,"href":"https:\/\/plataformanoticias.mx\/index.php?rest_route=%2Fwp%2Fv2%2Fcategories&post=80797"},{"taxonomy":"post_tag","embeddable":true,"href":"https:\/\/plataformanoticias.mx\/index.php?rest_route=%2Fwp%2Fv2%2Ftags&post=80797"}],"curies":[{"name":"wp","href":"https:\/\/api.w.org\/{rel}","templated":true}]}}