{"id":80813,"date":"2022-09-02T20:50:20","date_gmt":"2022-09-03T03:50:20","guid":{"rendered":"https:\/\/plataformanoticias.mx\/?p=80813"},"modified":"2022-09-02T20:50:21","modified_gmt":"2022-09-03T03:50:21","slug":"el-congreso-del-estado-de-sinaloa-se-ilumina-con-los-colores-patrios","status":"publish","type":"post","link":"https:\/\/plataformanoticias.mx\/?p=80813","title":{"rendered":"El Congreso del Estado de Sinaloa se ilumina con los colores patrios"},"content":{"rendered":"\n<p><\/p>\n\n\n\n<p>De verde, blanco y rojo, se ilumina el edificio del Congreso del Estado de Sinaloa para iniciar la celebraci\u00f3n de septiembre, considerado mes de la Patria porque coinciden en este periodo hist\u00f3ricos acontecimientos ligados a la lucha por la libertad y la Independencia de M\u00e9xico.<\/p>\n\n\n\n<p>El Poder Legislativo de Sinaloa se viste con los colores emblem\u00e1ticos de nuestra bandera para consolidar la conciencia de la unidad nacional, el respeto a la historia,  a los s\u00edmbolos patrios y a las tradiciones nacionales y de la entidad.<\/p>\n\n\n\n<p>De esta manera, este Poder Legislativo honra la memoria de los h\u00e9roes y las hero\u00ednas que nos dieron patria y libertad.<\/p>\n\n\n\n<p>En septiembre se celebran los siguientes acontecimientos hist\u00f3ricos trascendentales:<\/p>\n\n\n\n<p>13 de septiembre de 1847<\/p>\n\n\n\n<p>La defensa del Castillo de Chapultepec por los Ni\u00f1os H\u00e9roes<img loading=\"lazy\" decoding=\"async\" width=\"1280\" height=\"853\" class=\"wp-image-80815\" style=\"width: 650px\" src=\"https:\/\/plataformanoticias.mx\/wp-content\/uploads\/2022\/09\/5BCBF78F-6876-41A6-BAF5-3ED471DCC572.jpeg\" alt=\"\" srcset=\"https:\/\/plataformanoticias.mx\/wp-content\/uploads\/2022\/09\/5BCBF78F-6876-41A6-BAF5-3ED471DCC572.jpeg 1280w, https:\/\/plataformanoticias.mx\/wp-content\/uploads\/2022\/09\/5BCBF78F-6876-41A6-BAF5-3ED471DCC572-300x200.jpeg 300w, https:\/\/plataformanoticias.mx\/wp-content\/uploads\/2022\/09\/5BCBF78F-6876-41A6-BAF5-3ED471DCC572-1024x682.jpeg 1024w, https:\/\/plataformanoticias.mx\/wp-content\/uploads\/2022\/09\/5BCBF78F-6876-41A6-BAF5-3ED471DCC572-768x512.jpeg 768w\" sizes=\"auto, (max-width: 1280px) 100vw, 1280px\" \/><\/p>\n\n\n\n<p>15 de septiembre de 1810<\/p>\n\n\n\n<p>Ceremonia del Grito de Independencia<\/p>\n\n\n\n<p>16 de septiembre de 1810<\/p>\n\n\n\n<p>El inicio de la Guerra de Independencia.<\/p>\n\n\n\n<p>27 de septiembre de 1821<\/p>\n\n\n\n<p>Consumaci\u00f3n de la Guerra de Independencia<\/p>\n\n\n\n<p>28 de septiembre de 1821<\/p>\n\n\n\n<p>Firma del acta de Independencia e instalaci\u00f3n del primer gobierno del M\u00e9xico independiente<\/p>\n\n\n\n<p>30 de septiembre de 1765<\/p>\n\n\n\n<p>Nacimiento de Jos\u00e9 Mar\u00eda Morelos y Pav\u00f3n<\/p>\n","protected":false},"excerpt":{"rendered":"<p>De verde, blanco y rojo, se ilumina el edificio del Congreso del Estado de Sinaloa para iniciar la celebraci\u00f3n de septiembre, considerado mes de la Patria porque coinciden en este periodo hist\u00f3ricos acontecimientos ligados a la lucha por la libertad y la Independencia de M\u00e9xico. El Poder Legislativo de Sinaloa se viste con los colores<\/p>\n","protected":false},"author":6,"featured_media":80816,"comment_status":"closed","ping_status":"closed","sticky":false,"template":"","format":"standard","meta":{"footnotes":""},"categories":[28],"tags":[],"class_list":["post-80813","post","type-post","status-publish","format-standard","has-post-thumbnail","hentry","category-centro"],"_links":{"self":[{"href":"https:\/\/plataformanoticias.mx\/index.php?rest_route=\/wp\/v2\/posts\/80813","targetHints":{"allow":["GET"]}}],"collection":[{"href":"https:\/\/plataformanoticias.mx\/index.php?rest_route=\/wp\/v2\/posts"}],"about":[{"href":"https:\/\/plataformanoticias.mx\/index.php?rest_route=\/wp\/v2\/types\/post"}],"author":[{"embeddable":true,"href":"https:\/\/plataformanoticias.mx\/index.php?rest_route=\/wp\/v2\/users\/6"}],"replies":[{"embeddable":true,"href":"https:\/\/plataformanoticias.mx\/index.php?rest_route=%2Fwp%2Fv2%2Fcomments&post=80813"}],"version-history":[{"count":1,"href":"https:\/\/plataformanoticias.mx\/index.php?rest_route=\/wp\/v2\/posts\/80813\/revisions"}],"predecessor-version":[{"id":80817,"href":"https:\/\/plataformanoticias.mx\/index.php?rest_route=\/wp\/v2\/posts\/80813\/revisions\/80817"}],"wp:featuredmedia":[{"embeddable":true,"href":"https:\/\/plataformanoticias.mx\/index.php?rest_route=\/wp\/v2\/media\/80816"}],"wp:attachment":[{"href":"https:\/\/plataformanoticias.mx\/index.php?rest_route=%2Fwp%2Fv2%2Fmedia&parent=80813"}],"wp:term":[{"taxonomy":"category","embeddable":true,"href":"https:\/\/plataformanoticias.mx\/index.php?rest_route=%2Fwp%2Fv2%2Fcategories&post=80813"},{"taxonomy":"post_tag","embeddable":true,"href":"https:\/\/plataformanoticias.mx\/index.php?rest_route=%2Fwp%2Fv2%2Ftags&post=80813"}],"curies":[{"name":"wp","href":"https:\/\/api.w.org\/{rel}","templated":true}]}}