{"id":80837,"date":"2022-09-03T12:45:55","date_gmt":"2022-09-03T19:45:55","guid":{"rendered":"https:\/\/plataformanoticias.mx\/?p=80837"},"modified":"2022-09-03T12:45:57","modified_gmt":"2022-09-03T19:45:57","slug":"con-apoyo-del-ayuntamiento-y-la-sedena-familias-evacuadas-regresan-a-sus-domicilios","status":"publish","type":"post","link":"https:\/\/plataformanoticias.mx\/?p=80837","title":{"rendered":"Con apoyo del Ayuntamiento y la Sedena, familias evacuadas regresan a sus domicilios"},"content":{"rendered":"\n<p><\/p>\n\n\n\n<p>El alcalde destac\u00f3 que se logr\u00f3 evitar la inundaci\u00f3n y anuncia un plan de bacheo, arreglo de caminos, limpieza de drenes y reforzamiento de bordos del r\u00edo <\/p>\n\n\n\n<p>El presidente municipal, Mart\u00edn Ahumada Quintero, junto con la presidenta de DIF Guasave, Lourdes Cardona Leal y el apoyo de la Sedena, coordin\u00f3 desde los refugios temporales el traslado de las familias y sus muebles a sus domicilios en las colonias de la ribera del r\u00edo Sinaloa.<br> &#8220;Se logr\u00f3 el cometido, se evit\u00f3 la inundaci\u00f3n&#8221;, destac\u00f3 el presidente municipal, quien inform\u00f3 que durante esta contingencia apoyaron en los albergues a 286 personas, que desde esta ma\u00f1ana tienen ya condiciones seguras para regresar a sus casas.<br> Explic\u00f3 que de acuerdo con la Conagua en la derivadora sigue bajando el flujo con 20 metros c\u00fabicos por segundo y en la presa Guillermo Blake est\u00e1n virtiendo 18 metros c\u00fabicos por segundo y 10 metros por segundo de la compuerta, y no ha llovido por lo que es un aforo en el r\u00edo que ya no representa peligro para la ciudad y las comunidades.<br> Agradeci\u00f3 el apoyo de DIF, la Sedena, Guardia Nacional, Protecci\u00f3n Civil, Salud, Educaci\u00f3n, IMJU, IMMUJERES, Prevenci\u00f3n Social, Bienestar, Seguridad Ciudadana y Movilidad Sustentable, Desarrollo Econ\u00f3mico y todas las dependencias municipales, para apoyar a las familias en la evacuaci\u00f3n, adem\u00e1s de la colaboraci\u00f3n de la ciudadan\u00eda, regidores y diputados con donaciones de despensas para las familias y el apoyo de los transportistas y m\u00f3dulos.<img loading=\"lazy\" decoding=\"async\" width=\"1600\" height=\"1066\" class=\"wp-image-80839\" style=\"width: 650px\" src=\"https:\/\/plataformanoticias.mx\/wp-content\/uploads\/2022\/09\/E823407F-22A4-4366-A6D6-DF6190E56903.jpeg\" alt=\"\" srcset=\"https:\/\/plataformanoticias.mx\/wp-content\/uploads\/2022\/09\/E823407F-22A4-4366-A6D6-DF6190E56903.jpeg 1600w, https:\/\/plataformanoticias.mx\/wp-content\/uploads\/2022\/09\/E823407F-22A4-4366-A6D6-DF6190E56903-300x200.jpeg 300w, https:\/\/plataformanoticias.mx\/wp-content\/uploads\/2022\/09\/E823407F-22A4-4366-A6D6-DF6190E56903-1024x682.jpeg 1024w, https:\/\/plataformanoticias.mx\/wp-content\/uploads\/2022\/09\/E823407F-22A4-4366-A6D6-DF6190E56903-768x512.jpeg 768w, https:\/\/plataformanoticias.mx\/wp-content\/uploads\/2022\/09\/E823407F-22A4-4366-A6D6-DF6190E56903-1536x1023.jpeg 1536w\" sizes=\"auto, (max-width: 1600px) 100vw, 1600px\" \/><br> Hizo un reconocimiento especial para Esa\u00fa L\u00f3pez, director general de Obras y Servicios P\u00fablicas y Fernando  \u00c1lvarez del Desarrollo Urbano R\u00edo Sinaloa, pues se coordinaron para levantar y reforzar un muro de 4 kil\u00f3metros de bordos, que permitieron evitar tres inundaciones en un periodo de un mes.<br> Inform\u00f3 que seguir\u00e1n en alerta amarilla por el pron\u00f3stico de lluvias para la pr\u00f3xima semana, por lo que seguir\u00e1n trabajos preventivos.<br> Entre estas acciones est\u00e1n el reforzar los bordos, intensificar el bacheo de calles, seguir limpiando drenes y arreglar caminos muy da\u00f1ados como el de San Gabriel, El Pochote y El Pitahayal.<br> En el tema de los apoyos precis\u00f3 que con apoyo del gobernador Rub\u00e9n Rocha Moya, ya se depositaron los primeros recursos por cinco mil pesos para 12 familias de Estaci\u00f3n Bamoa y Herculano de la Rocha, cuya evaluaci\u00f3n de afectados la est\u00e1n realizando los servidores de la naci\u00f3n, por lo que no todas las familias que estuvieron en albergues tuvieron da\u00f1os o recibir\u00e1n este apoyo y se espera incluir a familias de La Trinidad y de otros poblados que se est\u00e1n evaluando como La Palma.<\/p>\n","protected":false},"excerpt":{"rendered":"<p>El alcalde destac\u00f3 que se logr\u00f3 evitar la inundaci\u00f3n y anuncia un plan de bacheo, arreglo de caminos, limpieza de drenes y reforzamiento de bordos del r\u00edo El presidente municipal, Mart\u00edn Ahumada Quintero, junto con la presidenta de DIF Guasave, Lourdes Cardona Leal y el apoyo de la Sedena, coordin\u00f3 desde los refugios temporales el<\/p>\n","protected":false},"author":6,"featured_media":80840,"comment_status":"closed","ping_status":"closed","sticky":false,"template":"","format":"standard","meta":{"footnotes":""},"categories":[27],"tags":[],"class_list":["post-80837","post","type-post","status-publish","format-standard","has-post-thumbnail","hentry","category-norte"],"_links":{"self":[{"href":"https:\/\/plataformanoticias.mx\/index.php?rest_route=\/wp\/v2\/posts\/80837","targetHints":{"allow":["GET"]}}],"collection":[{"href":"https:\/\/plataformanoticias.mx\/index.php?rest_route=\/wp\/v2\/posts"}],"about":[{"href":"https:\/\/plataformanoticias.mx\/index.php?rest_route=\/wp\/v2\/types\/post"}],"author":[{"embeddable":true,"href":"https:\/\/plataformanoticias.mx\/index.php?rest_route=\/wp\/v2\/users\/6"}],"replies":[{"embeddable":true,"href":"https:\/\/plataformanoticias.mx\/index.php?rest_route=%2Fwp%2Fv2%2Fcomments&post=80837"}],"version-history":[{"count":1,"href":"https:\/\/plataformanoticias.mx\/index.php?rest_route=\/wp\/v2\/posts\/80837\/revisions"}],"predecessor-version":[{"id":80841,"href":"https:\/\/plataformanoticias.mx\/index.php?rest_route=\/wp\/v2\/posts\/80837\/revisions\/80841"}],"wp:featuredmedia":[{"embeddable":true,"href":"https:\/\/plataformanoticias.mx\/index.php?rest_route=\/wp\/v2\/media\/80840"}],"wp:attachment":[{"href":"https:\/\/plataformanoticias.mx\/index.php?rest_route=%2Fwp%2Fv2%2Fmedia&parent=80837"}],"wp:term":[{"taxonomy":"category","embeddable":true,"href":"https:\/\/plataformanoticias.mx\/index.php?rest_route=%2Fwp%2Fv2%2Fcategories&post=80837"},{"taxonomy":"post_tag","embeddable":true,"href":"https:\/\/plataformanoticias.mx\/index.php?rest_route=%2Fwp%2Fv2%2Ftags&post=80837"}],"curies":[{"name":"wp","href":"https:\/\/api.w.org\/{rel}","templated":true}]}}