{"id":80847,"date":"2022-09-03T14:12:18","date_gmt":"2022-09-03T21:12:18","guid":{"rendered":"https:\/\/plataformanoticias.mx\/?p=80847"},"modified":"2022-09-03T14:12:19","modified_gmt":"2022-09-03T21:12:19","slug":"gobierno-municipal-invierte-1-millon-de-pesos-en-obra-social-en-el-ej-luis-echeverria","status":"publish","type":"post","link":"https:\/\/plataformanoticias.mx\/?p=80847","title":{"rendered":"Gobierno Municipal invierte 1 mill\u00f3n de pesos en obra social en el Ej. Luis Echeverr\u00eda."},"content":{"rendered":"\n<p><\/p>\n\n\n\n<p>*Las acciones que se realizan al momento son la construcci\u00f3n de cuartos dormitorios, adem\u00e1s de diversos apoyos en infraestructura escolar de la Primaria de la comunidad.<\/p>\n\n\n\n<p>Los Mochis, Ahome, Sinaloa.-  El Alcalde de Ahome, Gerardo Vargas Landeros, traslada parte del Gobierno Municipal a la Comunidad Luis Echeverr\u00eda perteneciente a la Sindicatura Central con la Brigada de Bienestar, que tiene como objetivo brindar los servicios del Ayuntamiento de manera directa en las comunidades. <\/p>\n\n\n\n<p>Los habitantes del lugar aprovecharon atenci\u00f3n  m\u00e9dica, oftalmol\u00f3gica, odontol\u00f3gica, servicios de fisioterapia, nutrici\u00f3n  y medicamentos completamente gratis. <\/p>\n\n\n\n<p>Adem\u00e1s de otros programas como &#8220;Ni un ni\u00f1o m\u00e1s descalzo&#8221; que consiste en brindar calzado a los menores de edad, se ofrecieron paquetes de \u00fatiles escolares y apoyos alimenticios a las familias. <img loading=\"lazy\" decoding=\"async\" width=\"1599\" height=\"1066\" class=\"wp-image-80849\" style=\"width: 650px\" src=\"https:\/\/plataformanoticias.mx\/wp-content\/uploads\/2022\/09\/790229E4-73C8-46FE-8F1A-7FDE8F5972F9.jpeg\" alt=\"\" srcset=\"https:\/\/plataformanoticias.mx\/wp-content\/uploads\/2022\/09\/790229E4-73C8-46FE-8F1A-7FDE8F5972F9.jpeg 1599w, https:\/\/plataformanoticias.mx\/wp-content\/uploads\/2022\/09\/790229E4-73C8-46FE-8F1A-7FDE8F5972F9-300x200.jpeg 300w, https:\/\/plataformanoticias.mx\/wp-content\/uploads\/2022\/09\/790229E4-73C8-46FE-8F1A-7FDE8F5972F9-1024x683.jpeg 1024w, https:\/\/plataformanoticias.mx\/wp-content\/uploads\/2022\/09\/790229E4-73C8-46FE-8F1A-7FDE8F5972F9-768x512.jpeg 768w, https:\/\/plataformanoticias.mx\/wp-content\/uploads\/2022\/09\/790229E4-73C8-46FE-8F1A-7FDE8F5972F9-1536x1024.jpeg 1536w\" sizes=\"auto, (max-width: 1599px) 100vw, 1599px\" \/><\/p>\n\n\n\n<p>El Presidente Municipal indic\u00f3 que al momento se construyen 4 cuartos dormitorios, mientras que en la Escuela Primaria Jos\u00e9 Vasconcelos, se est\u00e1  haciendo una construcci\u00f3n de un aula as\u00ed como la rehabilitaci\u00f3n de la cerca perimetral. <\/p>\n\n\n\n<p>&#8220;Estamos haciendo aqu\u00ed una inversi\u00f3n de pr\u00e1cticamente 1 mill\u00f3n de pesos en esta comunidad&#8221;. <\/p>\n\n\n\n<p>Como es costumbre el mun\u00edcipe estuvo acompa\u00f1ado de su equipo de trabajo entre ellos: Mar\u00eda de Jes\u00fas Castro, S\u00edndica de la Central; Julio C\u00e9sar Cantuario, Comisario Municipal;  Claudia Canto Hern\u00e1ndez, Secretaria de Bienestar; Luis Pablo Urcisichi Osuna, Director de Salud Municipal; Jaime Romero Barrera; Secretario de Obras P\u00fablicas, Urbanismo, Ecolog\u00eda y Medio Ambiente y Ra\u00fal P\u00e9rez Miranda, Gerente General de la JAPAMA. Quienes estuvieron en una mesa receptora de solicitudes ciudadanas encabezada por Vargas Landeros. <\/p>\n\n\n\n<p>Las Brigadas de Servicios Integrales han recorrido ya gran parte de la geograf\u00eda municipal llevando los servicios del Gobierno hasta los domicilios de las y los ciudadanos, con el fin de que todos puedan aprovechar los apoyos y programas sociales.<\/p>\n","protected":false},"excerpt":{"rendered":"<p>*Las acciones que se realizan al momento son la construcci\u00f3n de cuartos dormitorios, adem\u00e1s de diversos apoyos en infraestructura escolar de la Primaria de la comunidad. Los Mochis, Ahome, Sinaloa.- El Alcalde de Ahome, Gerardo Vargas Landeros, traslada parte del Gobierno Municipal a la Comunidad Luis Echeverr\u00eda perteneciente a la Sindicatura Central con la Brigada<\/p>\n","protected":false},"author":6,"featured_media":80850,"comment_status":"closed","ping_status":"closed","sticky":false,"template":"","format":"standard","meta":{"footnotes":""},"categories":[27],"tags":[],"class_list":["post-80847","post","type-post","status-publish","format-standard","has-post-thumbnail","hentry","category-norte"],"_links":{"self":[{"href":"https:\/\/plataformanoticias.mx\/index.php?rest_route=\/wp\/v2\/posts\/80847","targetHints":{"allow":["GET"]}}],"collection":[{"href":"https:\/\/plataformanoticias.mx\/index.php?rest_route=\/wp\/v2\/posts"}],"about":[{"href":"https:\/\/plataformanoticias.mx\/index.php?rest_route=\/wp\/v2\/types\/post"}],"author":[{"embeddable":true,"href":"https:\/\/plataformanoticias.mx\/index.php?rest_route=\/wp\/v2\/users\/6"}],"replies":[{"embeddable":true,"href":"https:\/\/plataformanoticias.mx\/index.php?rest_route=%2Fwp%2Fv2%2Fcomments&post=80847"}],"version-history":[{"count":1,"href":"https:\/\/plataformanoticias.mx\/index.php?rest_route=\/wp\/v2\/posts\/80847\/revisions"}],"predecessor-version":[{"id":80851,"href":"https:\/\/plataformanoticias.mx\/index.php?rest_route=\/wp\/v2\/posts\/80847\/revisions\/80851"}],"wp:featuredmedia":[{"embeddable":true,"href":"https:\/\/plataformanoticias.mx\/index.php?rest_route=\/wp\/v2\/media\/80850"}],"wp:attachment":[{"href":"https:\/\/plataformanoticias.mx\/index.php?rest_route=%2Fwp%2Fv2%2Fmedia&parent=80847"}],"wp:term":[{"taxonomy":"category","embeddable":true,"href":"https:\/\/plataformanoticias.mx\/index.php?rest_route=%2Fwp%2Fv2%2Fcategories&post=80847"},{"taxonomy":"post_tag","embeddable":true,"href":"https:\/\/plataformanoticias.mx\/index.php?rest_route=%2Fwp%2Fv2%2Ftags&post=80847"}],"curies":[{"name":"wp","href":"https:\/\/api.w.org\/{rel}","templated":true}]}}