{"id":80852,"date":"2022-09-03T14:15:28","date_gmt":"2022-09-03T21:15:28","guid":{"rendered":"https:\/\/plataformanoticias.mx\/?p=80852"},"modified":"2022-09-03T14:15:29","modified_gmt":"2022-09-03T21:15:29","slug":"encabeza-el-alcalde-reunion-de-proteccion-civil-ante-la-posible-llegada-del-huracan-kay","status":"publish","type":"post","link":"https:\/\/plataformanoticias.mx\/?p=80852","title":{"rendered":"Encabeza el Alcalde reuni\u00f3n de Protecci\u00f3n Civil ante la posible llegada del hurac\u00e1n Kay."},"content":{"rendered":"\n<p><\/p>\n\n\n\n<p><\/p>\n\n\n\n<p>*El Presidente Municipal pidi\u00f3 a los funcionarios a representantes de m\u00f3dulos de riego y de organismos de apoyo, integrarse en los operativos de seguridad y protecci\u00f3n para el beneficio de la ciudadan\u00eda y llam\u00f3 a que todos est\u00e9n atentos y asuman una cultura del autocuidado\u2026<\/p>\n\n\n\n<p>Los Mochis, Ahome, Sinaloa.- El Presidente Municipal Gerardo Octavio Vargas Landeros, se reuni\u00f3 con los s\u00edndicos municipales y los representantes de los m\u00f3dulos de riego, as\u00ed como de funcionarios, para verificar juntos los protocolos de atenci\u00f3n a la ciudadan\u00eda ante cualquier contingencia que pudiera presentarse con los pron\u00f3sticos de lluvia y tormentas y la cercan\u00eda del hurac\u00e1n Kay.<\/p>\n\n\n\n<p>Dijo que los protocolos y operativos de seguridad y protecci\u00f3n para afrontar cualquier emergencia climatol\u00f3gica en Ahome est\u00e1 listo para auxiliar a la poblaci\u00f3n que lo necesite.<img loading=\"lazy\" decoding=\"async\" width=\"1280\" height=\"853\" class=\"wp-image-80854\" style=\"width: 650px\" src=\"https:\/\/plataformanoticias.mx\/wp-content\/uploads\/2022\/09\/D7ED23B1-C959-4BD1-A45D-74C954CC30A9.jpeg\" alt=\"\" srcset=\"https:\/\/plataformanoticias.mx\/wp-content\/uploads\/2022\/09\/D7ED23B1-C959-4BD1-A45D-74C954CC30A9.jpeg 1280w, https:\/\/plataformanoticias.mx\/wp-content\/uploads\/2022\/09\/D7ED23B1-C959-4BD1-A45D-74C954CC30A9-300x200.jpeg 300w, https:\/\/plataformanoticias.mx\/wp-content\/uploads\/2022\/09\/D7ED23B1-C959-4BD1-A45D-74C954CC30A9-1024x682.jpeg 1024w, https:\/\/plataformanoticias.mx\/wp-content\/uploads\/2022\/09\/D7ED23B1-C959-4BD1-A45D-74C954CC30A9-768x512.jpeg 768w\" sizes=\"auto, (max-width: 1280px) 100vw, 1280px\" \/><\/p>\n\n\n\n<p>En entrevista, las s\u00edndicas de El Carrizo y la Central, Sandra Leyva y Mar\u00eda de Jes\u00fas Castro Acosta, agradecieron los apoyos que la autoridad municipal y los voluntarios les han ofrecido en estos d\u00edas de contingencia clim\u00e1tica.<\/p>\n\n\n\n<p>Dijeron que, a pesar de los pron\u00f3sticos, con los protocolos y operativos, no se esperan graves riesgos ni en la zona rural ni en la ciudad.<\/p>\n\n\n\n<p>\u201cReitero que hasta ahora seguimos sin nada que nos ponga en riesgo en la zona rural del Municipio ni en la ciudad de Los Mochis. Hasta hoy no hemos registrado ning\u00fan problema y estamos preparados con material humano, econ\u00f3mico y equipo suficiente para afrontar cualquier contingencia\u201d, expres\u00f3 Vargas Landeros.<\/p>\n\n\n\n<p>Dijo que para el personal de los operativos del Ayuntamiento se han cancelado los permisos y vacaciones y que hay disponibilidad 24\/7, asimismo que se cuenta con la misma disposici\u00f3n de organismos como los m\u00f3dulos de riego y cuerpos de auxilio para atender a la poblaci\u00f3n.<\/p>\n\n\n\n<p>Subray\u00f3 que la recomendaci\u00f3n es que se mantenga estrecha comunicaci\u00f3n entre autoridades y sociedad, ya que el \u00e9xito de poder prevenir es la coordinaci\u00f3n oportuna, y que la ciudadan\u00eda asuma una cultura del autocuidado.<\/p>\n\n\n\n<p>\u201cNosotros como autoridad estamos prevenidos y listos ya que se pronostica que la pr\u00f3xima semana un hurac\u00e1n se mover\u00e1 por las costas del Pac\u00edfico Mexicano, con posibilidad de que afecte Sinaloa, y de que a Ahome le llegue bastante lluvia, de ah\u00ed el llamado a toda la poblaci\u00f3n para que tome sus prevenciones y se mantenga atenta\u201d.<img loading=\"lazy\" decoding=\"async\" width=\"1280\" height=\"853\" class=\"wp-image-80855\" style=\"width: 650px\" src=\"https:\/\/plataformanoticias.mx\/wp-content\/uploads\/2022\/09\/9C3C3913-BC6C-4FE8-9AD6-9A9E9528E181.jpeg\" alt=\"\" srcset=\"https:\/\/plataformanoticias.mx\/wp-content\/uploads\/2022\/09\/9C3C3913-BC6C-4FE8-9AD6-9A9E9528E181.jpeg 1280w, https:\/\/plataformanoticias.mx\/wp-content\/uploads\/2022\/09\/9C3C3913-BC6C-4FE8-9AD6-9A9E9528E181-300x200.jpeg 300w, https:\/\/plataformanoticias.mx\/wp-content\/uploads\/2022\/09\/9C3C3913-BC6C-4FE8-9AD6-9A9E9528E181-1024x682.jpeg 1024w, https:\/\/plataformanoticias.mx\/wp-content\/uploads\/2022\/09\/9C3C3913-BC6C-4FE8-9AD6-9A9E9528E181-768x512.jpeg 768w\" sizes=\"auto, (max-width: 1280px) 100vw, 1280px\" \/><\/p>\n\n\n\n<p>Mario Cosme, coordinador de Protecci\u00f3n Civil, dijo que los operativos est\u00e1n listos y en marcha, y que las guaridas en los refugios est\u00e1n tambi\u00e9n listos, donde DIF y otras dependencias municipales, en coordinaci\u00f3n con el Ej\u00e9rcito, la Guardia Nacional y Semar, atender\u00e1n a las familias que lo necesiten.<\/p>\n","protected":false},"excerpt":{"rendered":"<p>*El Presidente Municipal pidi\u00f3 a los funcionarios a representantes de m\u00f3dulos de riego y de organismos de apoyo, integrarse en los operativos de seguridad y protecci\u00f3n para el beneficio de la ciudadan\u00eda y llam\u00f3 a que todos est\u00e9n atentos y asuman una cultura del autocuidado\u2026 Los Mochis, Ahome, Sinaloa.- El Presidente Municipal Gerardo Octavio Vargas<\/p>\n","protected":false},"author":6,"featured_media":80856,"comment_status":"closed","ping_status":"closed","sticky":false,"template":"","format":"standard","meta":{"footnotes":""},"categories":[38],"tags":[],"class_list":["post-80852","post","type-post","status-publish","format-standard","has-post-thumbnail","hentry","category-locales"],"_links":{"self":[{"href":"https:\/\/plataformanoticias.mx\/index.php?rest_route=\/wp\/v2\/posts\/80852","targetHints":{"allow":["GET"]}}],"collection":[{"href":"https:\/\/plataformanoticias.mx\/index.php?rest_route=\/wp\/v2\/posts"}],"about":[{"href":"https:\/\/plataformanoticias.mx\/index.php?rest_route=\/wp\/v2\/types\/post"}],"author":[{"embeddable":true,"href":"https:\/\/plataformanoticias.mx\/index.php?rest_route=\/wp\/v2\/users\/6"}],"replies":[{"embeddable":true,"href":"https:\/\/plataformanoticias.mx\/index.php?rest_route=%2Fwp%2Fv2%2Fcomments&post=80852"}],"version-history":[{"count":1,"href":"https:\/\/plataformanoticias.mx\/index.php?rest_route=\/wp\/v2\/posts\/80852\/revisions"}],"predecessor-version":[{"id":80857,"href":"https:\/\/plataformanoticias.mx\/index.php?rest_route=\/wp\/v2\/posts\/80852\/revisions\/80857"}],"wp:featuredmedia":[{"embeddable":true,"href":"https:\/\/plataformanoticias.mx\/index.php?rest_route=\/wp\/v2\/media\/80856"}],"wp:attachment":[{"href":"https:\/\/plataformanoticias.mx\/index.php?rest_route=%2Fwp%2Fv2%2Fmedia&parent=80852"}],"wp:term":[{"taxonomy":"category","embeddable":true,"href":"https:\/\/plataformanoticias.mx\/index.php?rest_route=%2Fwp%2Fv2%2Fcategories&post=80852"},{"taxonomy":"post_tag","embeddable":true,"href":"https:\/\/plataformanoticias.mx\/index.php?rest_route=%2Fwp%2Fv2%2Ftags&post=80852"}],"curies":[{"name":"wp","href":"https:\/\/api.w.org\/{rel}","templated":true}]}}