{"id":80863,"date":"2022-09-04T10:02:00","date_gmt":"2022-09-04T17:02:00","guid":{"rendered":"https:\/\/plataformanoticias.mx\/?p=80863"},"modified":"2022-09-04T10:02:02","modified_gmt":"2022-09-04T17:02:02","slug":"depresion-tropical-12-e-traeria-lluvias-a-sinaloa","status":"publish","type":"post","link":"https:\/\/plataformanoticias.mx\/?p=80863","title":{"rendered":"Depresi\u00f3n Tropical 12-E traer\u00eda lluvias a Sinaloa"},"content":{"rendered":"\n<p><\/p>\n\n\n\n<p><\/p>\n\n\n\n<p><em>*Se pron\u00f3stica que se convierta en tormenta tropical.<\/em><\/p>\n\n\n\n<figure class=\"wp-block-image size-large\"><img loading=\"lazy\" decoding=\"async\" width=\"1024\" height=\"549\" src=\"https:\/\/plataformanoticias.mx\/wp-content\/uploads\/2022\/09\/0341549F-1113-426C-80E8-768BDA5C69AE.jpeg\" alt=\"\" class=\"wp-image-80865\" srcset=\"https:\/\/plataformanoticias.mx\/wp-content\/uploads\/2022\/09\/0341549F-1113-426C-80E8-768BDA5C69AE.jpeg 1024w, https:\/\/plataformanoticias.mx\/wp-content\/uploads\/2022\/09\/0341549F-1113-426C-80E8-768BDA5C69AE-300x161.jpeg 300w, https:\/\/plataformanoticias.mx\/wp-content\/uploads\/2022\/09\/0341549F-1113-426C-80E8-768BDA5C69AE-768x412.jpeg 768w\" sizes=\"auto, (max-width: 1024px) 100vw, 1024px\" \/><\/figure>\n\n\n\n<p><em><strong>Culiac\u00e1n, Sinaloa.<\/strong>&#8211;<\/em> Como parte de los trabajos de vigilancia meteorol\u00f3gica del Instituto Estatal de Protecci\u00f3n Civil de Sinaloa que dirige Aurelio Roy Navarrete Cuevas, en estrecha coordinaci\u00f3n con el monitoreo climatol\u00f3gico efectuado por la Comisi\u00f3n Nacional del Agua, se estableci\u00f3 la formaci\u00f3n de la Depresi\u00f3n Tropical Doce-E, en el Oc\u00e9ano Pac\u00edfico, que actualmente se encuentra localizada aproximadamente a 360 kil\u00f3metros al sur-suroeste de Acapulco, Guerrero y a 445 km, al sur de L\u00e1zaro C\u00e1rdenas, Michoac\u00e1n, con vientos m\u00e1ximos sostenidos de 55 kil\u00f3metros por hora, rachas de 75 km\/h y desplazamiento hacia el oeste a 17 km\/h. <\/p>\n\n\n\n<p>El pron\u00f3stico de desplazamiento de este fen\u00f3meno indica que su trayectoria para los pr\u00f3ximos d\u00edas generar\u00e1 lluvias puntuales intensas en los Estados de Jalisco, Colima y Nayarit, por lo que se prev\u00e9 que de continuar esta ruta sin modificaci\u00f3n, provocar\u00eda lluvias en Sinaloa y Baja California Sur, a finales de esta semana, por lo que se estar\u00e1n realizando labores de monitoreo espec\u00edficas sobre esta depresi\u00f3n tropical. <\/p>\n\n\n\n<p>Las precipitaciones generadas por este sistema podr\u00edan incrementar los niveles de r\u00edos y arroyos, por lo que se exhorta a la poblaci\u00f3n a atender los avisos preventivos de los pr\u00f3ximos d\u00edas.<\/p>\n","protected":false},"excerpt":{"rendered":"<p>*Se pron\u00f3stica que se convierta en tormenta tropical. Culiac\u00e1n, Sinaloa.&#8211; Como parte de los trabajos de vigilancia meteorol\u00f3gica del Instituto Estatal de Protecci\u00f3n Civil de Sinaloa que dirige Aurelio Roy Navarrete Cuevas, en estrecha coordinaci\u00f3n con el monitoreo climatol\u00f3gico efectuado por la Comisi\u00f3n Nacional del Agua, se estableci\u00f3 la formaci\u00f3n de la Depresi\u00f3n Tropical Doce-E,<\/p>\n","protected":false},"author":6,"featured_media":80866,"comment_status":"closed","ping_status":"closed","sticky":false,"template":"","format":"standard","meta":{"footnotes":""},"categories":[28],"tags":[],"class_list":["post-80863","post","type-post","status-publish","format-standard","has-post-thumbnail","hentry","category-centro"],"_links":{"self":[{"href":"https:\/\/plataformanoticias.mx\/index.php?rest_route=\/wp\/v2\/posts\/80863","targetHints":{"allow":["GET"]}}],"collection":[{"href":"https:\/\/plataformanoticias.mx\/index.php?rest_route=\/wp\/v2\/posts"}],"about":[{"href":"https:\/\/plataformanoticias.mx\/index.php?rest_route=\/wp\/v2\/types\/post"}],"author":[{"embeddable":true,"href":"https:\/\/plataformanoticias.mx\/index.php?rest_route=\/wp\/v2\/users\/6"}],"replies":[{"embeddable":true,"href":"https:\/\/plataformanoticias.mx\/index.php?rest_route=%2Fwp%2Fv2%2Fcomments&post=80863"}],"version-history":[{"count":1,"href":"https:\/\/plataformanoticias.mx\/index.php?rest_route=\/wp\/v2\/posts\/80863\/revisions"}],"predecessor-version":[{"id":80867,"href":"https:\/\/plataformanoticias.mx\/index.php?rest_route=\/wp\/v2\/posts\/80863\/revisions\/80867"}],"wp:featuredmedia":[{"embeddable":true,"href":"https:\/\/plataformanoticias.mx\/index.php?rest_route=\/wp\/v2\/media\/80866"}],"wp:attachment":[{"href":"https:\/\/plataformanoticias.mx\/index.php?rest_route=%2Fwp%2Fv2%2Fmedia&parent=80863"}],"wp:term":[{"taxonomy":"category","embeddable":true,"href":"https:\/\/plataformanoticias.mx\/index.php?rest_route=%2Fwp%2Fv2%2Fcategories&post=80863"},{"taxonomy":"post_tag","embeddable":true,"href":"https:\/\/plataformanoticias.mx\/index.php?rest_route=%2Fwp%2Fv2%2Ftags&post=80863"}],"curies":[{"name":"wp","href":"https:\/\/api.w.org\/{rel}","templated":true}]}}