{"id":80883,"date":"2022-09-04T15:58:32","date_gmt":"2022-09-04T22:58:32","guid":{"rendered":"https:\/\/plataformanoticias.mx\/?p=80883"},"modified":"2022-09-04T15:58:33","modified_gmt":"2022-09-04T22:58:33","slug":"depresion-tropical-doce-e-se-intensifica-a-tormenta-tropical-kay","status":"publish","type":"post","link":"https:\/\/plataformanoticias.mx\/?p=80883","title":{"rendered":"Depresi\u00f3n Tropical Doce-E se intensifica a Tormenta Tropical &#8220;Kay&#8221;"},"content":{"rendered":"\n<p><\/p>\n\n\n\n<p><strong><em>Culiac\u00e1n, Sinaloa.-<\/em> <\/strong>En seguimiento a las labores de monitoreo espec\u00edficas de la Depresi\u00f3n Tropical Doce-E, por parte del Instituto Estatal de Protecci\u00f3n Civil de Sinaloa que dirige Aurelio Roy Navarrete Cuevas, se informa que la Comisi\u00f3n Nacional del Agua emiti\u00f3 un comunicado a trav\u00e9s del cual se confirma que la Depresi\u00f3n Tropical Doce-E intensific\u00f3 sus vientos a los de tormenta tropical, por lo que se le asign\u00f3 el nombre de Kay<\/p>\n\n\n\n<p>La Tormenta Tropical &#8220;Kay&#8221;, actualmente se encuentra localizada a 350 kil\u00f3metros al sur de L\u00e1zaro C\u00e1rdenas, Michoac\u00e1n y a 365 kil\u00f3metros al suroeste de de Acapulco, Guerrero, con vientos m\u00e1ximos sostenidos de 65 kil\u00f3metros por hora, rachas de 85 km\/h y desplazamiento hacia el oeste-noroeste a 20 km\/h. <\/p>\n\n\n\n<p>El pron\u00f3stico de desplazamiento de este fen\u00f3meno indica que su trayectoria para los pr\u00f3ximos d\u00edas generar\u00e1 lluvias puntuales intensas en los Estados de Jalisco, Colima y Nayarit, por lo que se prev\u00e9 que de continuar esta ruta sin modificaci\u00f3n, provocar\u00eda lluvias en Sinaloa y Baja California Sur, aunado a que en las pr\u00f3ximas 48 horas podr\u00eda incrementar su nivel a hurac\u00e1n categor\u00eda 1, por lo que se continuar\u00e1n realizando labores de monitoreo espec\u00edficas sobre esta fen\u00f3meno natural, para determinar posibles efectos sobre la entidad. <\/p>\n\n\n\n<p>Las precipitaciones generadas por este sistema podr\u00edan incrementar los niveles de r\u00edos y arroyos, por lo que se exhorta a la poblaci\u00f3n a atender los avisos preventivos de los pr\u00f3ximos d\u00edas.<\/p>\n","protected":false},"excerpt":{"rendered":"<p>Culiac\u00e1n, Sinaloa.- En seguimiento a las labores de monitoreo espec\u00edficas de la Depresi\u00f3n Tropical Doce-E, por parte del Instituto Estatal de Protecci\u00f3n Civil de Sinaloa que dirige Aurelio Roy Navarrete Cuevas, se informa que la Comisi\u00f3n Nacional del Agua emiti\u00f3 un comunicado a trav\u00e9s del cual se confirma que la Depresi\u00f3n Tropical Doce-E intensific\u00f3 sus<\/p>\n","protected":false},"author":6,"featured_media":80885,"comment_status":"closed","ping_status":"closed","sticky":false,"template":"","format":"standard","meta":{"footnotes":""},"categories":[28],"tags":[],"class_list":["post-80883","post","type-post","status-publish","format-standard","has-post-thumbnail","hentry","category-centro"],"_links":{"self":[{"href":"https:\/\/plataformanoticias.mx\/index.php?rest_route=\/wp\/v2\/posts\/80883","targetHints":{"allow":["GET"]}}],"collection":[{"href":"https:\/\/plataformanoticias.mx\/index.php?rest_route=\/wp\/v2\/posts"}],"about":[{"href":"https:\/\/plataformanoticias.mx\/index.php?rest_route=\/wp\/v2\/types\/post"}],"author":[{"embeddable":true,"href":"https:\/\/plataformanoticias.mx\/index.php?rest_route=\/wp\/v2\/users\/6"}],"replies":[{"embeddable":true,"href":"https:\/\/plataformanoticias.mx\/index.php?rest_route=%2Fwp%2Fv2%2Fcomments&post=80883"}],"version-history":[{"count":1,"href":"https:\/\/plataformanoticias.mx\/index.php?rest_route=\/wp\/v2\/posts\/80883\/revisions"}],"predecessor-version":[{"id":80886,"href":"https:\/\/plataformanoticias.mx\/index.php?rest_route=\/wp\/v2\/posts\/80883\/revisions\/80886"}],"wp:featuredmedia":[{"embeddable":true,"href":"https:\/\/plataformanoticias.mx\/index.php?rest_route=\/wp\/v2\/media\/80885"}],"wp:attachment":[{"href":"https:\/\/plataformanoticias.mx\/index.php?rest_route=%2Fwp%2Fv2%2Fmedia&parent=80883"}],"wp:term":[{"taxonomy":"category","embeddable":true,"href":"https:\/\/plataformanoticias.mx\/index.php?rest_route=%2Fwp%2Fv2%2Fcategories&post=80883"},{"taxonomy":"post_tag","embeddable":true,"href":"https:\/\/plataformanoticias.mx\/index.php?rest_route=%2Fwp%2Fv2%2Ftags&post=80883"}],"curies":[{"name":"wp","href":"https:\/\/api.w.org\/{rel}","templated":true}]}}