{"id":80948,"date":"2022-09-05T17:06:40","date_gmt":"2022-09-06T00:06:40","guid":{"rendered":"https:\/\/plataformanoticias.mx\/?p=80948"},"modified":"2022-09-05T17:06:40","modified_gmt":"2022-09-06T00:06:40","slug":"se-declara-instalado-el-jurado-al-premio-al-merito-juvenil-2022","status":"publish","type":"post","link":"https:\/\/plataformanoticias.mx\/?p=80948","title":{"rendered":"Se declara instalado el Jurado al Premio al M\u00e9rito Juvenil 2022"},"content":{"rendered":"\n<p><\/p>\n\n\n\n<p>El presidente de la Diputaci\u00f3n Permanente del Congreso del Estado de Sinaloa, Diputado Ambrocio Ch\u00e1vez Ch\u00e1vez, presidi\u00f3 este lunes la instalaci\u00f3n del Jurado  para elegir a las personas ganadoras del Premio al M\u00e9rito Juvenil 2022. <\/p>\n\n\n\n<p>La instalaci\u00f3n del Jurado para el otorgamiento del Premio al M\u00e9rito Juvenil 2022 fue declarado constituy\u00e9ndose como tales de manera conjunta -como marca la parte octava de las bases de la convocatoria- las diputadas y los diputados integrantes de la Junta de Coordinaci\u00f3n Pol\u00edtica y las Comisiones Unidas de Educaci\u00f3n P\u00fablica y Cultura, de la Juventud y el Deporte, y de Ciencia y Tecnolog\u00eda.<\/p>\n\n\n\n<p>En la reuni\u00f3n de la Junta de Coordinaci\u00f3n Pol\u00edtica, se entregaron a los miembros del Jurado los expedientes con los documentos de las propuestas recibidas de candidaturas a recibir el Premio al M\u00e9rito Juvenil 2022.<\/p>\n\n\n\n<p>La reuni\u00f3n en la que se someter\u00e1n las propuestas al an\u00e1lisis del Jurado se celebrar\u00e1 el pr\u00f3ximo jueves 8 de septiembre del a\u00f1o en curso a partir de las 10:00 horas.<\/p>\n\n\n\n<p>El diputado Ambrocio Ch\u00e1vez Ch\u00e1vez explic\u00f3 que el Premio al M\u00e9rito Juvenil 2022, instituido por el Congreso del Estado con el Decreto 281 para reconocer el talento y dedicaci\u00f3n de los j\u00f3venes sinaloense, se entregar\u00e1 en las categor\u00edas: Acad\u00e9mico, Cient\u00edfico y Tecnol\u00f3gico, C\u00edvico Social, Art\u00edstico y Deportivo.<\/p>\n\n\n\n<p>Estableci\u00f3 que el Premio al M\u00e9rito Juvenil 2022 consiste en un diploma alusivo, un tejo de oro, pendiente de una cinta de seda, en el que luce en una de sus caras el escudo de Sinaloa y en la otra el Escudo del Congreso del Estado de Sinaloa; as\u00ed como una cantidad en efectivo de $25,000.00 (Veinticinco mil pesos).<\/p>\n\n\n\n<p>Finalmente, se abord\u00f3 el cambio de fecha de la sesi\u00f3n solemne en la que se celebrar\u00e1 la premiaci\u00f3n, anticip\u00e1ndose del viernes 30 al mi\u00e9rcoles 28 de septiembre de 2022 a la hora de ley.<\/p>\n\n\n\n<p>La reuni\u00f3n fue encabezada por las diputadas y los diputados integrantes de la Junta de Coordinaci\u00f3n Pol\u00edtica, y el Ing. Jos\u00e9 Antonio R\u00edos Rojo, Secretario General del Congreso del Estado, quien tambi\u00e9n forma parte de la misma.<\/p>\n\n\n\n<p>Asimismo, asistieron la diputada Mar\u00eda Guadalupe C\u00e1zares Gallegos, presidenta de la Comisi\u00f3n de Juventud y el Deporte; la diputada Cinthia Valenzuela Langarica, presidenta de la Comisi\u00f3n de Ciencia y Tecnolog\u00eda; y el diputado Jos\u00e9 Manuel Luque Rojas, presidente de la Comisi\u00f3n de Educaci\u00f3n P\u00fablica y Cultura, as\u00ed como las y los legisladores integrantes de estas comisiones unidas.<img loading=\"lazy\" decoding=\"async\" width=\"1280\" height=\"557\" class=\"wp-image-80950\" style=\"width: 650px\" src=\"https:\/\/plataformanoticias.mx\/wp-content\/uploads\/2022\/09\/2E458BBC-9712-4D31-B815-4DF6D69B4B95.jpeg\" alt=\"\" srcset=\"https:\/\/plataformanoticias.mx\/wp-content\/uploads\/2022\/09\/2E458BBC-9712-4D31-B815-4DF6D69B4B95.jpeg 1280w, https:\/\/plataformanoticias.mx\/wp-content\/uploads\/2022\/09\/2E458BBC-9712-4D31-B815-4DF6D69B4B95-300x131.jpeg 300w, https:\/\/plataformanoticias.mx\/wp-content\/uploads\/2022\/09\/2E458BBC-9712-4D31-B815-4DF6D69B4B95-1024x446.jpeg 1024w, https:\/\/plataformanoticias.mx\/wp-content\/uploads\/2022\/09\/2E458BBC-9712-4D31-B815-4DF6D69B4B95-768x334.jpeg 768w\" sizes=\"auto, (max-width: 1280px) 100vw, 1280px\" \/><\/p>\n\n\n\n<p>En el acto tambi\u00e9n estuvo presente Martha Arredondo Sandoval. Jefa del Departamento de Proceso Legislativo.<\/p>\n","protected":false},"excerpt":{"rendered":"<p>El presidente de la Diputaci\u00f3n Permanente del Congreso del Estado de Sinaloa, Diputado Ambrocio Ch\u00e1vez Ch\u00e1vez, presidi\u00f3 este lunes la instalaci\u00f3n del Jurado para elegir a las personas ganadoras del Premio al M\u00e9rito Juvenil 2022. La instalaci\u00f3n del Jurado para el otorgamiento del Premio al M\u00e9rito Juvenil 2022 fue declarado constituy\u00e9ndose como tales de manera<\/p>\n","protected":false},"author":6,"featured_media":80951,"comment_status":"closed","ping_status":"closed","sticky":false,"template":"","format":"standard","meta":{"footnotes":""},"categories":[31],"tags":[],"class_list":["post-80948","post","type-post","status-publish","format-standard","has-post-thumbnail","hentry","category-politica"],"_links":{"self":[{"href":"https:\/\/plataformanoticias.mx\/index.php?rest_route=\/wp\/v2\/posts\/80948","targetHints":{"allow":["GET"]}}],"collection":[{"href":"https:\/\/plataformanoticias.mx\/index.php?rest_route=\/wp\/v2\/posts"}],"about":[{"href":"https:\/\/plataformanoticias.mx\/index.php?rest_route=\/wp\/v2\/types\/post"}],"author":[{"embeddable":true,"href":"https:\/\/plataformanoticias.mx\/index.php?rest_route=\/wp\/v2\/users\/6"}],"replies":[{"embeddable":true,"href":"https:\/\/plataformanoticias.mx\/index.php?rest_route=%2Fwp%2Fv2%2Fcomments&post=80948"}],"version-history":[{"count":1,"href":"https:\/\/plataformanoticias.mx\/index.php?rest_route=\/wp\/v2\/posts\/80948\/revisions"}],"predecessor-version":[{"id":80952,"href":"https:\/\/plataformanoticias.mx\/index.php?rest_route=\/wp\/v2\/posts\/80948\/revisions\/80952"}],"wp:featuredmedia":[{"embeddable":true,"href":"https:\/\/plataformanoticias.mx\/index.php?rest_route=\/wp\/v2\/media\/80951"}],"wp:attachment":[{"href":"https:\/\/plataformanoticias.mx\/index.php?rest_route=%2Fwp%2Fv2%2Fmedia&parent=80948"}],"wp:term":[{"taxonomy":"category","embeddable":true,"href":"https:\/\/plataformanoticias.mx\/index.php?rest_route=%2Fwp%2Fv2%2Fcategories&post=80948"},{"taxonomy":"post_tag","embeddable":true,"href":"https:\/\/plataformanoticias.mx\/index.php?rest_route=%2Fwp%2Fv2%2Ftags&post=80948"}],"curies":[{"name":"wp","href":"https:\/\/api.w.org\/{rel}","templated":true}]}}