{"id":80965,"date":"2022-09-06T11:09:32","date_gmt":"2022-09-06T18:09:32","guid":{"rendered":"https:\/\/plataformanoticias.mx\/?p=80965"},"modified":"2022-09-06T11:09:33","modified_gmt":"2022-09-06T18:09:33","slug":"proteccion-civil-activa-refugio-temporal-en-ceuta-municipio-de-elota","status":"publish","type":"post","link":"https:\/\/plataformanoticias.mx\/?p=80965","title":{"rendered":"Protecci\u00f3n Civil activa refugio temporal en Ceuta, municipio de Elota"},"content":{"rendered":"\n<p>*Comunidad Escolar debe tomar precauciones ante remanentes del Hurac\u00e1n &#8220;Kay&#8221;.<\/p>\n\n\n\n<p>Culiac\u00e1n, Sinaloa.- Derivado de las fuertes lluvias de las \u00faltimas horas, como consecuencia del Hurac\u00e1n &#8220;Kay&#8221;, el Instituto Estatal de Protecci\u00f3n Civil de Sinaloa que dirige Aurelio Roy Navarrete Cuevas, activ\u00f3 un refugio temporal en la Escuela Primaria Rural Federal &#8220;Francisco I. Madero&#8221;, ubicada en la comunidad de Ceuta, municipio de Elota, en donde permanecen resguardadas 28 personas, integrantes de 4 familias, quienes resultaron damnificados por el incremento de los niveles de agua en la zona. <\/p>\n\n\n\n<p>Adem\u00e1s, como parte del seguimiento al monitoreo de las extensas bandas nubosas del hurac\u00e1n categor\u00eda 1 &#8220;Kay&#8221;, en combinaci\u00f3n con los efectos del monz\u00f3n mexicano y en base al pron\u00f3stico meteorol\u00f3gico de la Comisi\u00f3n Nacional del Agua, el Director del Instituto hizo un llamado a la poblaci\u00f3n y a la comunidad escolar a tomar sus precauciones ante la exposici\u00f3n a las lluvias previstas para las pr\u00f3ximas horas. <img loading=\"lazy\" decoding=\"async\" width=\"1280\" height=\"852\" class=\"wp-image-80967\" style=\"width: 650px\" src=\"https:\/\/plataformanoticias.mx\/wp-content\/uploads\/2022\/09\/fa7a6191-76dc-4a42-86ee-086ff23d9e00.jpg\" alt=\"\" srcset=\"https:\/\/plataformanoticias.mx\/wp-content\/uploads\/2022\/09\/fa7a6191-76dc-4a42-86ee-086ff23d9e00.jpg 1280w, https:\/\/plataformanoticias.mx\/wp-content\/uploads\/2022\/09\/fa7a6191-76dc-4a42-86ee-086ff23d9e00-300x200.jpg 300w, https:\/\/plataformanoticias.mx\/wp-content\/uploads\/2022\/09\/fa7a6191-76dc-4a42-86ee-086ff23d9e00-1024x682.jpg 1024w, https:\/\/plataformanoticias.mx\/wp-content\/uploads\/2022\/09\/fa7a6191-76dc-4a42-86ee-086ff23d9e00-768x511.jpg 768w\" sizes=\"auto, (max-width: 1280px) 100vw, 1280px\" \/><\/p>\n\n\n\n<p>&#8220;Ante la presencia a\u00fan de los remanentes de&#8221; Kay&#8221;, que se retira hacia adentro del Pac\u00edfico Mexicano, pero tambi\u00e9n de las condiciones de aqu\u00ed del estado de humedad, sigue lloviendo al norte, al centro y al sur, encharcamientos que tenemos, tenemos mucha humedad y seguimos con monz\u00f3n estacionado aqu\u00ed en Sinaloa, bajas presiones en la Sierra Madre Occidental, algunos movimientos de tierra que hemos tenido en Concordia, la recomendaci\u00f3n es al llamado a la poblaci\u00f3n, a la comunidad escolar, a tomar sus precauciones ante esta exposici\u00f3n y m\u00e1s en las zonas donde hay m\u00e1s riesgo y m\u00e1s vulnerabilidad, que se pudiera causar un da\u00f1o o alg\u00fan percance&#8221;, precis\u00f3 Navarrete Cuevas. <\/p>\n\n\n\n<p>A las 10:00 horas de este lunes, tiempo del centro de M\u00e9xico, el centro de Kay se localiz\u00f3 aproximadamente a 530 kil\u00f3metros (km) al oeste-suroeste de Cabo Corrientes, Jalisco y a 545 kil\u00f3metros al sur de Cabo San Lucas, Baja California Sur. Tiene vientos m\u00e1ximos sostenidos de 140 km\/h, rachas de 165 km\/h y se desplaza hacia el noroeste a 22 km\/h. <\/p>\n\n\n\n<p>Por lo anterior, el Instituto de Protecci\u00f3n Civil convoca a la poblaci\u00f3n a tomar las medidas preventivas conducentes y reportar cualquier emergencia al 911, desde donde se atender\u00e1n todos los reportes. Es importante recordar que las precipitaciones generadas por este fen\u00f3meno podr\u00edan incrementar los niveles de r\u00edos y arroyos, por lo que se exhorta a la poblaci\u00f3n a atender los avisos preventivos de las autoridades y evitar introducirse en cuerpos de agua.<img loading=\"lazy\" decoding=\"async\" width=\"1280\" height=\"852\" class=\"wp-image-80968\" style=\"width: 650px\" src=\"https:\/\/plataformanoticias.mx\/wp-content\/uploads\/2022\/09\/49fdc64c-0c71-4085-88db-8da1e3484269.jpg\" alt=\"\" srcset=\"https:\/\/plataformanoticias.mx\/wp-content\/uploads\/2022\/09\/49fdc64c-0c71-4085-88db-8da1e3484269.jpg 1280w, https:\/\/plataformanoticias.mx\/wp-content\/uploads\/2022\/09\/49fdc64c-0c71-4085-88db-8da1e3484269-300x200.jpg 300w, https:\/\/plataformanoticias.mx\/wp-content\/uploads\/2022\/09\/49fdc64c-0c71-4085-88db-8da1e3484269-1024x682.jpg 1024w, https:\/\/plataformanoticias.mx\/wp-content\/uploads\/2022\/09\/49fdc64c-0c71-4085-88db-8da1e3484269-768x511.jpg 768w\" sizes=\"auto, (max-width: 1280px) 100vw, 1280px\" \/><\/p>\n","protected":false},"excerpt":{"rendered":"<p>*Comunidad Escolar debe tomar precauciones ante remanentes del Hurac\u00e1n &#8220;Kay&#8221;. Culiac\u00e1n, Sinaloa.- Derivado de las fuertes lluvias de las \u00faltimas horas, como consecuencia del Hurac\u00e1n &#8220;Kay&#8221;, el Instituto Estatal de Protecci\u00f3n Civil de Sinaloa que dirige Aurelio Roy Navarrete Cuevas, activ\u00f3 un refugio temporal en la Escuela Primaria Rural Federal &#8220;Francisco I. Madero&#8221;, ubicada en<\/p>\n","protected":false},"author":6,"featured_media":80969,"comment_status":"closed","ping_status":"closed","sticky":false,"template":"","format":"standard","meta":{"footnotes":""},"categories":[29],"tags":[],"class_list":["post-80965","post","type-post","status-publish","format-standard","has-post-thumbnail","hentry","category-sur"],"_links":{"self":[{"href":"https:\/\/plataformanoticias.mx\/index.php?rest_route=\/wp\/v2\/posts\/80965","targetHints":{"allow":["GET"]}}],"collection":[{"href":"https:\/\/plataformanoticias.mx\/index.php?rest_route=\/wp\/v2\/posts"}],"about":[{"href":"https:\/\/plataformanoticias.mx\/index.php?rest_route=\/wp\/v2\/types\/post"}],"author":[{"embeddable":true,"href":"https:\/\/plataformanoticias.mx\/index.php?rest_route=\/wp\/v2\/users\/6"}],"replies":[{"embeddable":true,"href":"https:\/\/plataformanoticias.mx\/index.php?rest_route=%2Fwp%2Fv2%2Fcomments&post=80965"}],"version-history":[{"count":1,"href":"https:\/\/plataformanoticias.mx\/index.php?rest_route=\/wp\/v2\/posts\/80965\/revisions"}],"predecessor-version":[{"id":80970,"href":"https:\/\/plataformanoticias.mx\/index.php?rest_route=\/wp\/v2\/posts\/80965\/revisions\/80970"}],"wp:featuredmedia":[{"embeddable":true,"href":"https:\/\/plataformanoticias.mx\/index.php?rest_route=\/wp\/v2\/media\/80969"}],"wp:attachment":[{"href":"https:\/\/plataformanoticias.mx\/index.php?rest_route=%2Fwp%2Fv2%2Fmedia&parent=80965"}],"wp:term":[{"taxonomy":"category","embeddable":true,"href":"https:\/\/plataformanoticias.mx\/index.php?rest_route=%2Fwp%2Fv2%2Fcategories&post=80965"},{"taxonomy":"post_tag","embeddable":true,"href":"https:\/\/plataformanoticias.mx\/index.php?rest_route=%2Fwp%2Fv2%2Ftags&post=80965"}],"curies":[{"name":"wp","href":"https:\/\/api.w.org\/{rel}","templated":true}]}}