{"id":80971,"date":"2022-09-06T12:43:08","date_gmt":"2022-09-06T19:43:08","guid":{"rendered":"https:\/\/plataformanoticias.mx\/?p=80971"},"modified":"2022-09-06T12:58:43","modified_gmt":"2022-09-06T19:58:43","slug":"presidente-de-ahome-gerardo-vargas-ocupa-el-7mo-lugar-a-nivel-nacional-en-el-ranking-de-alcaldes-de-mexico-con-mayor-aprobacion","status":"publish","type":"post","link":"https:\/\/plataformanoticias.mx\/?p=80971","title":{"rendered":"Presidente de Ahome Gerardo Vargas ocupa el 7mo. Lugar a nivel nacional en el ranking de Alcaldes de M\u00e9xico con mayor aprobaci\u00f3n."},"content":{"rendered":"\n<p>*Los resultados de la encuesta se obtuvieron mediante llamadas telef\u00f3nicas por&nbsp;Massive&nbsp;Caller, con un &nbsp;porcentaje del 57.5% de aprobaci\u00f3n\u2026<\/p>\n\n\n\n<p>Los Mochis, Ahome, Sinaloa.- De acuerdo a los resultados de la encuesta que realiza\u00a0Massive\u00a0Caller, el Presidente de Ahome, Gerardo Vargas Landeros, ocupa el 7mo.\u00a0Lugar\u00a0de aprobaci\u00f3n de los Alcaldes en M\u00e9xico por su desempe\u00f1o en la administraci\u00f3n p\u00fablica durante el mes de agosto, \u00a0siendo tambi\u00e9n el primero de\u00a0lista en el Estado de Sinaloa.<\/p>\n\n\n\n<p>Vargas Landeros, dijo que la posici\u00f3n que ocupa en el ranking nacional &nbsp;se debe no solo a su persona, sino al gran trabajo del equipo que ha formado en el Gobierno Municipal, mismos que respaldan cada una de las acciones en pro del&nbsp;bienestar y progreso de Ahome.&nbsp;<\/p>\n\n\n\n<p>\u201cTenemos un equipo muy s\u00f3lido, un equipo que trabaja las 24 horas del d\u00eda los 7 d\u00edas de la semana y ustedes son testigos de ello, tambi\u00e9n tenemos el invaluable apoyo del Se\u00f1or Gobernador, Dr. Rub\u00e9n Rocha Moya, &nbsp;y eso tambi\u00e9n nos fortalece a nosotros para poderle dar un&nbsp;mejor servicio a la sociedad\u201d.<\/p>\n\n\n\n<p>Agreg\u00f3 que este tipo de resultados lo compromete a una mejor\u00eda constante y a trabajar de manera permanente en la escucha activa de las necesidades ya que estas son cambiantes, y es la misma sociedad la que exige y requiere ser atendida con calidad.&nbsp;<\/p>\n\n\n\n<p>Los resultados de la encuesta derivaron de un levantamiento de entrevistas telef\u00f3nicas &nbsp;en los hogares, mismas que fueron realizadas de forma aleatoria para poder sustraer una muestra representativa.<\/p>\n\n\n\n<p>Es importante mencionar que recientemente la ciudad de Los Mochis &nbsp;se coloc\u00f3 como la segunda ciudad en el pa\u00eds &nbsp;que la plataforma&nbsp;Airbnb&nbsp;califica en su ranking de los&nbsp;10 destinos m\u00e1s hospitalarios.<img loading=\"lazy\" decoding=\"async\" width=\"1024\" height=\"683\" class=\"wp-image-80973\" style=\"width: 650px\" src=\"https:\/\/plataformanoticias.mx\/wp-content\/uploads\/2022\/09\/3594C76D-2D40-49E3-BCF5-C8046E39ECAC.jpeg\" alt=\"\" srcset=\"https:\/\/plataformanoticias.mx\/wp-content\/uploads\/2022\/09\/3594C76D-2D40-49E3-BCF5-C8046E39ECAC.jpeg 1024w, https:\/\/plataformanoticias.mx\/wp-content\/uploads\/2022\/09\/3594C76D-2D40-49E3-BCF5-C8046E39ECAC-300x200.jpeg 300w, https:\/\/plataformanoticias.mx\/wp-content\/uploads\/2022\/09\/3594C76D-2D40-49E3-BCF5-C8046E39ECAC-768x512.jpeg 768w\" sizes=\"auto, (max-width: 1024px) 100vw, 1024px\" \/><\/p>\n\n\n\n<p>Por lo que el Acalde de Ahome dijo que esto se debe a que su gente es muy amable, que atiende, recibe y brinda todas las facilidades para una estancia agradable y segura.<\/p>\n\n\n\n<p>\u201cQue ahora lo diga una empresa de prestigio como lo es&nbsp;Airbnb&nbsp;pues nos satisface, que digan que somos las segunda ciudad m\u00e1s hospitalaria en el pa\u00eds eso mismo quiere decir que invitan a que nos visiten\u201d.<\/p>\n","protected":false},"excerpt":{"rendered":"<p>*Los resultados de la encuesta se obtuvieron mediante llamadas telef\u00f3nicas por&nbsp;Massive&nbsp;Caller, con un &nbsp;porcentaje del 57.5% de aprobaci\u00f3n\u2026 Los Mochis, Ahome, Sinaloa.- De acuerdo a los resultados de la encuesta que realiza\u00a0Massive\u00a0Caller, el Presidente de Ahome, Gerardo Vargas Landeros, ocupa el 7mo.\u00a0Lugar\u00a0de aprobaci\u00f3n de los Alcaldes en M\u00e9xico por su desempe\u00f1o en la administraci\u00f3n p\u00fablica<\/p>\n","protected":false},"author":6,"featured_media":80974,"comment_status":"closed","ping_status":"closed","sticky":false,"template":"","format":"standard","meta":{"footnotes":""},"categories":[38],"tags":[],"class_list":["post-80971","post","type-post","status-publish","format-standard","has-post-thumbnail","hentry","category-locales"],"_links":{"self":[{"href":"https:\/\/plataformanoticias.mx\/index.php?rest_route=\/wp\/v2\/posts\/80971","targetHints":{"allow":["GET"]}}],"collection":[{"href":"https:\/\/plataformanoticias.mx\/index.php?rest_route=\/wp\/v2\/posts"}],"about":[{"href":"https:\/\/plataformanoticias.mx\/index.php?rest_route=\/wp\/v2\/types\/post"}],"author":[{"embeddable":true,"href":"https:\/\/plataformanoticias.mx\/index.php?rest_route=\/wp\/v2\/users\/6"}],"replies":[{"embeddable":true,"href":"https:\/\/plataformanoticias.mx\/index.php?rest_route=%2Fwp%2Fv2%2Fcomments&post=80971"}],"version-history":[{"count":2,"href":"https:\/\/plataformanoticias.mx\/index.php?rest_route=\/wp\/v2\/posts\/80971\/revisions"}],"predecessor-version":[{"id":80984,"href":"https:\/\/plataformanoticias.mx\/index.php?rest_route=\/wp\/v2\/posts\/80971\/revisions\/80984"}],"wp:featuredmedia":[{"embeddable":true,"href":"https:\/\/plataformanoticias.mx\/index.php?rest_route=\/wp\/v2\/media\/80974"}],"wp:attachment":[{"href":"https:\/\/plataformanoticias.mx\/index.php?rest_route=%2Fwp%2Fv2%2Fmedia&parent=80971"}],"wp:term":[{"taxonomy":"category","embeddable":true,"href":"https:\/\/plataformanoticias.mx\/index.php?rest_route=%2Fwp%2Fv2%2Fcategories&post=80971"},{"taxonomy":"post_tag","embeddable":true,"href":"https:\/\/plataformanoticias.mx\/index.php?rest_route=%2Fwp%2Fv2%2Ftags&post=80971"}],"curies":[{"name":"wp","href":"https:\/\/api.w.org\/{rel}","templated":true}]}}