{"id":80991,"date":"2022-09-06T13:33:41","date_gmt":"2022-09-06T20:33:41","guid":{"rendered":"https:\/\/plataformanoticias.mx\/?p=80991"},"modified":"2022-09-06T13:33:42","modified_gmt":"2022-09-06T20:33:42","slug":"estamos-ultimando-detalles-para-la-gran-fiesta-del-15-de-septiembre-genaro-garcia-castro","status":"publish","type":"post","link":"https:\/\/plataformanoticias.mx\/?p=80991","title":{"rendered":"\u201cEstamos ultimando detalles para la gran fiesta del 15 de Septiembre\u201d: Genaro Garc\u00eda Castro."},"content":{"rendered":"\n<p><strong><em>*<\/em><\/strong><strong><em>El&nbsp;<\/em><\/strong><strong><em>Secretario del Ayuntamiento inform\u00f3 que ya se cuenta con el programa<\/em><\/strong><strong><em>, el cual presentar\u00e1n al Presidente Municipal Gerardo Vargas Landeros y que sea \u00e9l quien d\u00e9 el visto bueno<\/em><\/strong><strong><em>\u2026<\/em><\/strong><\/p>\n\n\n\n<p><strong>Los Mochis, Ahome, Sinaloa.-<\/strong>El Ayuntamiento de Ahome se encuentra en los \u00faltimos detalles para el festejo que se tendr\u00e1 el pr\u00f3ximo 15 de septiembre en el tradicional Grito de Independencia,\u00a0donde se podr\u00e1 vivir un ambiente completamente familiar.<\/p>\n\n\n\n<p>Genaro Garc\u00eda Castro,&nbsp;Secretario del Ayuntamiento, inform\u00f3 que se tendr\u00e1 seguridad para que las familias pueden disfrutar de en todo momento, y participar\u00e1n&nbsp;en este operativo aproximadamente 300 elementos de la Secretar\u00eda de Seguridad y Protecci\u00f3n Ciudadana.<\/p>\n\n\n\n<p>En este sentido, explic\u00f3 que se cerrar\u00e1 un per\u00edmetro para evitar que los veh\u00edculos&nbsp;pasen por la zona destinada a peatones,&nbsp;adem\u00e1s de que se tendr\u00e1 detectores para evitar el ingreso de armas.<\/p>\n\n\n\n<p>\u201cEstamos ultimando detalles todos los que estamos involucrados en ese tema para hacerle la presentaci\u00f3n al se\u00f1or Presidente&nbsp;Municipal este&nbsp;jueves, para que&nbsp;si \u00e9l considera que haya algo que quitar o que anexar tengamos eltiempo suficiente para hacerlo\u201d, expres\u00f3 Garc\u00eda Castro.<\/p>\n\n\n\n<p>Aclar\u00f3 que se trata de una fiesta&nbsp;familiar&nbsp;y&nbsp;no se permitir\u00e1 el ingreso de bebidas alcoh\u00f3licas ni botellas de vidrio, adem\u00e1s de que los ni\u00f1os tendr\u00e1n un trato muy especial este pr\u00f3ximo 15 de septiembre.<\/p>\n\n\n\n<p>El Secretario del Ayuntamiento detall\u00f3 que se activar\u00e1n ocho rutas de camiones, esto con el objetivo de que la ciudadan\u00eda, sobre todo de las colonias m\u00e1s alejadas, puedan disfrutar de la gran fiesta.<\/p>\n\n\n\n<p>Genaro Garc\u00eda Castro&nbsp;aprovech\u00f3 para hacer una invitaci\u00f3n a la poblaci\u00f3n&nbsp;para que acudan a celebrar el tradicional Grito de Independencia.<\/p>\n","protected":false},"excerpt":{"rendered":"<p>*El&nbsp;Secretario del Ayuntamiento inform\u00f3 que ya se cuenta con el programa, el cual presentar\u00e1n al Presidente Municipal Gerardo Vargas Landeros y que sea \u00e9l quien d\u00e9 el visto bueno\u2026 Los Mochis, Ahome, Sinaloa.-El Ayuntamiento de Ahome se encuentra en los \u00faltimos detalles para el festejo que se tendr\u00e1 el pr\u00f3ximo 15 de septiembre en el<\/p>\n","protected":false},"author":6,"featured_media":0,"comment_status":"closed","ping_status":"closed","sticky":false,"template":"","format":"standard","meta":{"footnotes":""},"categories":[38],"tags":[],"class_list":["post-80991","post","type-post","status-publish","format-standard","hentry","category-locales"],"_links":{"self":[{"href":"https:\/\/plataformanoticias.mx\/index.php?rest_route=\/wp\/v2\/posts\/80991","targetHints":{"allow":["GET"]}}],"collection":[{"href":"https:\/\/plataformanoticias.mx\/index.php?rest_route=\/wp\/v2\/posts"}],"about":[{"href":"https:\/\/plataformanoticias.mx\/index.php?rest_route=\/wp\/v2\/types\/post"}],"author":[{"embeddable":true,"href":"https:\/\/plataformanoticias.mx\/index.php?rest_route=\/wp\/v2\/users\/6"}],"replies":[{"embeddable":true,"href":"https:\/\/plataformanoticias.mx\/index.php?rest_route=%2Fwp%2Fv2%2Fcomments&post=80991"}],"version-history":[{"count":1,"href":"https:\/\/plataformanoticias.mx\/index.php?rest_route=\/wp\/v2\/posts\/80991\/revisions"}],"predecessor-version":[{"id":80994,"href":"https:\/\/plataformanoticias.mx\/index.php?rest_route=\/wp\/v2\/posts\/80991\/revisions\/80994"}],"wp:attachment":[{"href":"https:\/\/plataformanoticias.mx\/index.php?rest_route=%2Fwp%2Fv2%2Fmedia&parent=80991"}],"wp:term":[{"taxonomy":"category","embeddable":true,"href":"https:\/\/plataformanoticias.mx\/index.php?rest_route=%2Fwp%2Fv2%2Fcategories&post=80991"},{"taxonomy":"post_tag","embeddable":true,"href":"https:\/\/plataformanoticias.mx\/index.php?rest_route=%2Fwp%2Fv2%2Ftags&post=80991"}],"curies":[{"name":"wp","href":"https:\/\/api.w.org\/{rel}","templated":true}]}}