{"id":80999,"date":"2022-09-06T13:37:07","date_gmt":"2022-09-06T20:37:07","guid":{"rendered":"https:\/\/plataformanoticias.mx\/?p=80999"},"modified":"2022-09-06T13:37:08","modified_gmt":"2022-09-06T20:37:08","slug":"gana-steve-bojorquez-concurso-estatal-de-oratoria-representara-a-sinaloa-en-concurso-nacional","status":"publish","type":"post","link":"https:\/\/plataformanoticias.mx\/?p=80999","title":{"rendered":"Gana Steve Boj\u00f3rquez concurso estatal de oratoria; representar\u00e1 a Sinaloa en concurso nacional"},"content":{"rendered":"\n<p><\/p>\n\n\n\n<p>El Congreso del Estado de Sinaloa concluy\u00f3 este martes la etapa estatal del \u201cIV Concurso Nacional de Oratoria Juan Escutia 2022\u201d organizado por el poder Legislativo de Nayarit, a donde llevar\u00e1 la representaci\u00f3n sinaloense el joven Steve Alejandro Boj\u00f3rquez Soto.<br> Presidieron esta etapa final el diputado Ambrocio Ch\u00e1vez Ch\u00e1vez, presidente de la Diputaci\u00f3n Permanente, as\u00ed como las diputadas Mar\u00eda Guadalupe C\u00e1zares Gallegos, Nela Rosiely S\u00e1nchez S\u00e1nchez y Cinthia Valenzuela Langarica, presidenta, secretaria y vocal, respectivamente, de la Comisi\u00f3n de la Juventud y el Deporte, la cual organiz\u00f3 la etapa estatal de este concurso.<br> El Jurado Calificador estuvo integrado por Omar Arias P\u00e9rez, Jes\u00fas \u00d3scar Rivas Inzunza, Ahuizotl L\u00f3pez Apodaca y Sandra Judith Lara D\u00edaz.<br> El diputado Ambrocio Ch\u00e1vez agradeci\u00f3 la presencia de siete participantes que llegaron a la etapa eliminatoria, de la cual se eligieron a tres para finalmente determinar qui\u00e9n representar\u00e1 a Sinaloa en el concurso nacional.<br> Explic\u00f3 que oratoria significa persuadir al p\u00fablico con temas de inter\u00e9s, es impactar al auditorio.<br> Afortunadamente, dijo, este arte, no se ha perdido,<br> A quien obtuvo el primer lugar le invit\u00f3 a representen a Sinaloa con orgullo, a que ponga todo el empe\u00f1o, porque representar\u00e1n a la juventud de Sinaloa, a la entidad y al Congreso del Estado de Sinaloa.<br> Las diputadas Mar\u00eda Guadalupe C\u00e1zares y Cinthia Valenzuela, dieron la bienvenida a quienes participaron y les felicitaron por inscribirse y buscar representar a Sinaloa en un evento nacional.<br> Durante la eliminatoria, participaron inicialmente seis hombres y una mujer, quienes expusieron temas, diversos, como econom\u00eda, participaci\u00f3n pol\u00edtica, econ\u00f3mica y social de las mujeres j\u00f3venes, el impacto de las drogas, entre otros.<img loading=\"lazy\" decoding=\"async\" width=\"1280\" height=\"853\" class=\"wp-image-81001\" style=\"width: 650px\" src=\"https:\/\/plataformanoticias.mx\/wp-content\/uploads\/2022\/09\/CB8B11B1-71E6-48EB-8E9A-3F017D9860C8.jpeg\" alt=\"\" srcset=\"https:\/\/plataformanoticias.mx\/wp-content\/uploads\/2022\/09\/CB8B11B1-71E6-48EB-8E9A-3F017D9860C8.jpeg 1280w, https:\/\/plataformanoticias.mx\/wp-content\/uploads\/2022\/09\/CB8B11B1-71E6-48EB-8E9A-3F017D9860C8-300x200.jpeg 300w, https:\/\/plataformanoticias.mx\/wp-content\/uploads\/2022\/09\/CB8B11B1-71E6-48EB-8E9A-3F017D9860C8-1024x682.jpeg 1024w, https:\/\/plataformanoticias.mx\/wp-content\/uploads\/2022\/09\/CB8B11B1-71E6-48EB-8E9A-3F017D9860C8-768x512.jpeg 768w\" sizes=\"auto, (max-width: 1280px) 100vw, 1280px\" \/><br> En la etapa final fueron electos, Alfonso Higuera Guerrero, Steve Alejandro Boj\u00f3rquez Soto y Karina Franco Meza, quienes luego eligieron de una t\u00f3mbola un tema al azar.<br> Luego de un receso para deliberar, el Jurado Calificador eligi\u00f3 a Steve Boj\u00f3rquez Soto como ganador, quien representar\u00e1 a Sinaloa en el Concurso Nacional de Oratoria.<br> En segundo lugar qued\u00f3 Karina Elizabeth Franco Meza y en tercero Alfonso Higuera Guerrero.<br> A todos los participantes se les entreg\u00f3 un reconocimiento, al igual que a integrantes del Jurado Calificador.<br> La clausura estuvo a cargo del Director del Instituto Sinaloense de la Juventud, Sa\u00fal Gerardo Meza L\u00f3pez.<br> El IV Concurso Nacional de Oratoria Juan Escutia 2022 tiene como objeto fomentar los valores c\u00edvicos, patri\u00f3ticos, sociales y culturales, y est\u00e1 dirigida a j\u00f3venes de 18 a 29 a\u00f1os de edad.<br> La etapa final se llevar\u00e1 a cabo el pr\u00f3ximo 13 de septiembre en el recinto oficial del Congreso del Estado de Nayarit.<\/p>\n","protected":false},"excerpt":{"rendered":"<p>El Congreso del Estado de Sinaloa concluy\u00f3 este martes la etapa estatal del \u201cIV Concurso Nacional de Oratoria Juan Escutia 2022\u201d organizado por el poder Legislativo de Nayarit, a donde llevar\u00e1 la representaci\u00f3n sinaloense el joven Steve Alejandro Boj\u00f3rquez Soto. Presidieron esta etapa final el diputado Ambrocio Ch\u00e1vez Ch\u00e1vez, presidente de la Diputaci\u00f3n Permanente, as\u00ed<\/p>\n","protected":false},"author":6,"featured_media":81002,"comment_status":"closed","ping_status":"closed","sticky":false,"template":"","format":"standard","meta":{"footnotes":""},"categories":[31],"tags":[],"class_list":["post-80999","post","type-post","status-publish","format-standard","has-post-thumbnail","hentry","category-politica"],"_links":{"self":[{"href":"https:\/\/plataformanoticias.mx\/index.php?rest_route=\/wp\/v2\/posts\/80999","targetHints":{"allow":["GET"]}}],"collection":[{"href":"https:\/\/plataformanoticias.mx\/index.php?rest_route=\/wp\/v2\/posts"}],"about":[{"href":"https:\/\/plataformanoticias.mx\/index.php?rest_route=\/wp\/v2\/types\/post"}],"author":[{"embeddable":true,"href":"https:\/\/plataformanoticias.mx\/index.php?rest_route=\/wp\/v2\/users\/6"}],"replies":[{"embeddable":true,"href":"https:\/\/plataformanoticias.mx\/index.php?rest_route=%2Fwp%2Fv2%2Fcomments&post=80999"}],"version-history":[{"count":1,"href":"https:\/\/plataformanoticias.mx\/index.php?rest_route=\/wp\/v2\/posts\/80999\/revisions"}],"predecessor-version":[{"id":81003,"href":"https:\/\/plataformanoticias.mx\/index.php?rest_route=\/wp\/v2\/posts\/80999\/revisions\/81003"}],"wp:featuredmedia":[{"embeddable":true,"href":"https:\/\/plataformanoticias.mx\/index.php?rest_route=\/wp\/v2\/media\/81002"}],"wp:attachment":[{"href":"https:\/\/plataformanoticias.mx\/index.php?rest_route=%2Fwp%2Fv2%2Fmedia&parent=80999"}],"wp:term":[{"taxonomy":"category","embeddable":true,"href":"https:\/\/plataformanoticias.mx\/index.php?rest_route=%2Fwp%2Fv2%2Fcategories&post=80999"},{"taxonomy":"post_tag","embeddable":true,"href":"https:\/\/plataformanoticias.mx\/index.php?rest_route=%2Fwp%2Fv2%2Ftags&post=80999"}],"curies":[{"name":"wp","href":"https:\/\/api.w.org\/{rel}","templated":true}]}}