{"id":81013,"date":"2022-09-06T14:22:09","date_gmt":"2022-09-06T21:22:09","guid":{"rendered":"https:\/\/plataformanoticias.mx\/?p=81013"},"modified":"2022-09-06T14:22:10","modified_gmt":"2022-09-06T21:22:10","slug":"gobierno-municipal-atiende-de-manera-puntual-las-necesidades-del-parque-sinaloa","status":"publish","type":"post","link":"https:\/\/plataformanoticias.mx\/?p=81013","title":{"rendered":"Gobierno Municipal atiende de manera puntual las necesidades del Parque Sinaloa."},"content":{"rendered":"\n<p><em>*El majestuoso jard\u00edn Bot\u00e1nico,&nbsp;<\/em><em>es uno de los espacios que reciben en promedio 100 mil visitantes al mes, &nbsp;por lo que conlleva un compromiso y esfuerzo mantenerlo activo y en \u00f3ptimas condiciones\u2026<\/em><\/p>\n\n\n\n<p>Los Mochis, Ahome, Sinaloa a 06 de septiembre del 2022.- &nbsp;El Tesorero Municipal, Antonio Vega Arellano, se reuni\u00f3 con los miembros del Patronato, Sociedad Jard\u00edn Bot\u00e1nico de Los Mochis, IAP, con el objetivo de seguir trabajando en conjunto para brindar a la sociedad el mejor espacio de esparcimiento gratuito &nbsp;en Ahome.&nbsp;<\/p>\n\n\n\n<p>El Jard\u00edn Bot\u00e1nico&nbsp;Benajm\u00edn&nbsp;Francis Johnston, popularmente conocido como el \u201cParque Sinaloa\u201d, es un espacio que alberga una gran variedad de especies de flora de diferentes partes del &nbsp;mundo, as\u00ed como recintos educativos &nbsp;que buscan promover &nbsp;el acceso a la informaci\u00f3n ambiental, cient\u00edfica y tecnol\u00f3gica para favorecer el tr\u00e1nsito de la sustentabilidad en el municipio de Ahome, la zona norte del Estado de Sinaloa y el resto del pa\u00eds mediante visitas guiadas apoyadas en el Modelo de Intervenci\u00f3n en Educaci\u00f3n Ambiental.<\/p>\n\n\n\n<p>En el encuentro estuvieron presentes, Feliciano Garc\u00eda Mendoza, Director de Servicios P\u00fablicos; Miembros del Patronato como Gabriel Salazar \u00a0Fierros, Presidente; \u00a0Maricruz\u00a0Compe\u00e1n\u00a0Osuna, Primer Vocal; Alejandro\u00a0LooseDoedter, Segundo Vocal y V\u00edctor Hugo Villegas, Administrador del Jard\u00edn Bot\u00e1nico.<img loading=\"lazy\" decoding=\"async\" width=\"1280\" height=\"853\" class=\"wp-image-81015\" style=\"width: 650px\" src=\"https:\/\/plataformanoticias.mx\/wp-content\/uploads\/2022\/09\/BE0BA98C-132A-46A8-B4E1-08D77A0878EE.jpeg\" alt=\"\" srcset=\"https:\/\/plataformanoticias.mx\/wp-content\/uploads\/2022\/09\/BE0BA98C-132A-46A8-B4E1-08D77A0878EE.jpeg 1280w, https:\/\/plataformanoticias.mx\/wp-content\/uploads\/2022\/09\/BE0BA98C-132A-46A8-B4E1-08D77A0878EE-300x200.jpeg 300w, https:\/\/plataformanoticias.mx\/wp-content\/uploads\/2022\/09\/BE0BA98C-132A-46A8-B4E1-08D77A0878EE-1024x682.jpeg 1024w, https:\/\/plataformanoticias.mx\/wp-content\/uploads\/2022\/09\/BE0BA98C-132A-46A8-B4E1-08D77A0878EE-768x512.jpeg 768w\" sizes=\"auto, (max-width: 1280px) 100vw, 1280px\" \/><\/p>\n\n\n\n<p>Desde el inicio de la administraci\u00f3n por instrucciones del Alcalde &nbsp;Gerardo Vargas Landeros, los apoyos del gobierno hacia el parque como la n\u00f3mina de los Servidores P\u00fablicos que realizan la limpieza y jardiner\u00eda, as\u00ed como los elementos de la polic\u00eda quienes se encargan de la seguridad, y parte de los insumos que se requieren han permanecido activos desde el d\u00eda uno.&nbsp;<\/p>\n\n\n\n<p>Vega Arellano, dijo que durante la reuni\u00f3n se presentaron varios requerimientos los cuales buscar\u00e1n atender a la brevedad posible, pero dentro de las peticiones existe una en particular denominada urgente, que consiste en el pago del servicio de fumigaci\u00f3n para una plaga que presentan en ciertas palmas.<\/p>\n\n\n\n<p>\u201cLlegamos a un acuerdo de poderlos ayudar en cuanto a los qu\u00edmicos que se requieren para atacar las plagas que tienen en el parque\u201d.&nbsp;<\/p>\n\n\n\n<p>Seg\u00fan las estad\u00edsticas, son un promedio de 100 mil personas al mes los que visitan las instalaciones del Jard\u00edn, donde se brindan diversos espacios entre ellos:\u00a0Jard\u00edn\u00a0Etnobiol\u00f3gicode Sinaloa \u201cJuyya\u00a0\u00c1nnia\u201d,\u00a0\u00fanico en el estado donde se est\u00e1 recuperando y\u00a0haciendo visibles las especies vegetales de la etnia\u00a0Yoreme-Mayo, es decir que usan para sus usos y costumbres;\u00a0Recinto\u00a0Educativo\u00a0o\u00a0Mariposario,\u00a0que tiene como objetivo preservar la mariposa cuatro espejos; Plantario, donde se puede encontrar especies no propias de nuestra regi\u00f3n sino de diversas partes del mundo; Aula Educativa; Laboratorio de Cultivo de Tejido; Asesor\u00eda de Jardines y Poda; Recorrido Hist\u00f3rico guiado de las instalaciones; \u00c1reas\u00a0Infatiles; Consulta Nutricional y recientemente ofrecieron un Taller de Lengua\u00a0Yoreme-Mayo.<img loading=\"lazy\" decoding=\"async\" width=\"1280\" height=\"855\" class=\"wp-image-81016\" style=\"width: 650px\" src=\"https:\/\/plataformanoticias.mx\/wp-content\/uploads\/2022\/09\/86061B5E-9693-4266-B76B-07E4C150CDA5.jpeg\" alt=\"\" srcset=\"https:\/\/plataformanoticias.mx\/wp-content\/uploads\/2022\/09\/86061B5E-9693-4266-B76B-07E4C150CDA5.jpeg 1280w, https:\/\/plataformanoticias.mx\/wp-content\/uploads\/2022\/09\/86061B5E-9693-4266-B76B-07E4C150CDA5-300x200.jpeg 300w, https:\/\/plataformanoticias.mx\/wp-content\/uploads\/2022\/09\/86061B5E-9693-4266-B76B-07E4C150CDA5-1024x684.jpeg 1024w, https:\/\/plataformanoticias.mx\/wp-content\/uploads\/2022\/09\/86061B5E-9693-4266-B76B-07E4C150CDA5-768x513.jpeg 768w\" sizes=\"auto, (max-width: 1280px) 100vw, 1280px\" \/><\/p>\n\n\n\n<p>Las conclusiones del acercamiento Gobierno Municipal y Patronato,&nbsp;Sociedad Jard\u00edn Bot\u00e1nico de Los Mochis, IAP, es seguir en permanente comunicaci\u00f3n y coparticipaci\u00f3n para&nbsp;seguir manteniendo un espacio digno para los habitantes del municipio, del estado y de quienes nos visiten.<\/p>\n","protected":false},"excerpt":{"rendered":"<p>*El majestuoso jard\u00edn Bot\u00e1nico,&nbsp;es uno de los espacios que reciben en promedio 100 mil visitantes al mes, &nbsp;por lo que conlleva un compromiso y esfuerzo mantenerlo activo y en \u00f3ptimas condiciones\u2026 Los Mochis, Ahome, Sinaloa a 06 de septiembre del 2022.- &nbsp;El Tesorero Municipal, Antonio Vega Arellano, se reuni\u00f3 con los miembros del Patronato, Sociedad<\/p>\n","protected":false},"author":6,"featured_media":81017,"comment_status":"closed","ping_status":"closed","sticky":false,"template":"","format":"standard","meta":{"footnotes":""},"categories":[38],"tags":[],"class_list":["post-81013","post","type-post","status-publish","format-standard","has-post-thumbnail","hentry","category-locales"],"_links":{"self":[{"href":"https:\/\/plataformanoticias.mx\/index.php?rest_route=\/wp\/v2\/posts\/81013","targetHints":{"allow":["GET"]}}],"collection":[{"href":"https:\/\/plataformanoticias.mx\/index.php?rest_route=\/wp\/v2\/posts"}],"about":[{"href":"https:\/\/plataformanoticias.mx\/index.php?rest_route=\/wp\/v2\/types\/post"}],"author":[{"embeddable":true,"href":"https:\/\/plataformanoticias.mx\/index.php?rest_route=\/wp\/v2\/users\/6"}],"replies":[{"embeddable":true,"href":"https:\/\/plataformanoticias.mx\/index.php?rest_route=%2Fwp%2Fv2%2Fcomments&post=81013"}],"version-history":[{"count":1,"href":"https:\/\/plataformanoticias.mx\/index.php?rest_route=\/wp\/v2\/posts\/81013\/revisions"}],"predecessor-version":[{"id":81018,"href":"https:\/\/plataformanoticias.mx\/index.php?rest_route=\/wp\/v2\/posts\/81013\/revisions\/81018"}],"wp:featuredmedia":[{"embeddable":true,"href":"https:\/\/plataformanoticias.mx\/index.php?rest_route=\/wp\/v2\/media\/81017"}],"wp:attachment":[{"href":"https:\/\/plataformanoticias.mx\/index.php?rest_route=%2Fwp%2Fv2%2Fmedia&parent=81013"}],"wp:term":[{"taxonomy":"category","embeddable":true,"href":"https:\/\/plataformanoticias.mx\/index.php?rest_route=%2Fwp%2Fv2%2Fcategories&post=81013"},{"taxonomy":"post_tag","embeddable":true,"href":"https:\/\/plataformanoticias.mx\/index.php?rest_route=%2Fwp%2Fv2%2Ftags&post=81013"}],"curies":[{"name":"wp","href":"https:\/\/api.w.org\/{rel}","templated":true}]}}