{"id":81021,"date":"2022-09-06T15:24:48","date_gmt":"2022-09-06T22:24:48","guid":{"rendered":"https:\/\/plataformanoticias.mx\/?p=81021"},"modified":"2022-09-06T15:24:50","modified_gmt":"2022-09-06T22:24:50","slug":"pide-japama-a-la-poblacion-se-prevenga-y-almacene-agua-potable","status":"publish","type":"post","link":"https:\/\/plataformanoticias.mx\/?p=81021","title":{"rendered":"Pide JAPAMA a la poblaci\u00f3n se prevenga y almacene agua potable"},"content":{"rendered":"\n<p><\/p>\n\n\n\n<p><\/p>\n\n\n\n<p>El Gerente General, Ra\u00fal P\u00e9rez Miranda, indic\u00f3 que esta recomendaci\u00f3n se emite ante efectos que pudiera provocar hurac\u00e1n Kay, como falta de energ\u00eda el\u00e9ctrica en las plantas o si se genera turbiedad en canales que abastecen a las potabilizadoras<\/p>\n\n\n\n<p>Los Mochis, Sin.- Por recomendaci\u00f3n de las autoridades de Protecci\u00f3n Civil y ante los efectos que pudiera provocar en Ahome las lluvias  del hurac\u00e1n Kay, el Gerente General de la JAPAMA, Ra\u00fal P\u00e9rez Miranda, hace un llamado a la poblaci\u00f3n ahomense para que se prevenga y almacene agua potable.<\/p>\n\n\n\n<p>Coment\u00f3 que no pretenden alarmar a la poblaci\u00f3n, pero si es muy importante que se abastezca del vital l\u00edquido, porque si se va la luz, en la ciudad o en alguna comunidad, las plantas potabilizadoras puedan dejar de operar o las lluvias pueden generar turbiedad en el agua cruda de los canales que alimentan a dichas plantas.<img loading=\"lazy\" decoding=\"async\" width=\"604\" height=\"340\" class=\"wp-image-81023\" style=\"width: 650px\" src=\"https:\/\/plataformanoticias.mx\/wp-content\/uploads\/2022\/09\/A4ECAD9F-6264-4C53-BF38-CD82E11119A3.jpeg\" alt=\"\" srcset=\"https:\/\/plataformanoticias.mx\/wp-content\/uploads\/2022\/09\/A4ECAD9F-6264-4C53-BF38-CD82E11119A3.jpeg 604w, https:\/\/plataformanoticias.mx\/wp-content\/uploads\/2022\/09\/A4ECAD9F-6264-4C53-BF38-CD82E11119A3-300x169.jpeg 300w\" sizes=\"auto, (max-width: 604px) 100vw, 604px\" \/><\/p>\n\n\n\n<p>&#8220;Es importante que los usuarios tomen algunas medidas de prevenci\u00f3n como tener el agua suficiente para en caso de que tuvi\u00e9semos alg\u00fan problema con algunas de las plantas potabilizadoras por falta de energ\u00eda el\u00e9ctrica, es algo que no podemos nosotros prever y nos pudiera ocasionar alg\u00fan problema para el suministro de agua potable, si es importante estar preparados poder contar en los domicilios, en los negocios con el agua suficiente, tener agua en sus tinacos, en algunos recipientes&#8221;, dijo.<\/p>\n\n\n\n<p>P\u00e9rez Miranda resalt\u00f3 que tambi\u00e9n existe el riesgo de que las precipitaciones incrementen el nivel de turbiedad en los canales que suministran agua cruda a las plantas potabilizadoras y se pare su operaci\u00f3n.<\/p>\n\n\n\n<p>&#8220;Por las lluvias se nos pudiera incrementar el nivel de turbiedad en los canales que suministran agua en las plantas potabilizadoras, nos genera el incremento tambi\u00e9n en el uso de qu\u00edmicos y tambi\u00e9n el proceso de potabilizaci\u00f3n se hace m\u00e1s lento, por lo que es importante que conozcamos estas circunstancias que se pueden presentar&#8221;, dijo.<img loading=\"lazy\" decoding=\"async\" width=\"1280\" height=\"960\" class=\"wp-image-81024\" style=\"width: 650px\" src=\"https:\/\/plataformanoticias.mx\/wp-content\/uploads\/2022\/09\/7382FD2F-2B7A-400C-B210-55D80A2B6BE5.jpeg\" alt=\"\" srcset=\"https:\/\/plataformanoticias.mx\/wp-content\/uploads\/2022\/09\/7382FD2F-2B7A-400C-B210-55D80A2B6BE5.jpeg 1280w, https:\/\/plataformanoticias.mx\/wp-content\/uploads\/2022\/09\/7382FD2F-2B7A-400C-B210-55D80A2B6BE5-300x225.jpeg 300w, https:\/\/plataformanoticias.mx\/wp-content\/uploads\/2022\/09\/7382FD2F-2B7A-400C-B210-55D80A2B6BE5-1024x768.jpeg 1024w, https:\/\/plataformanoticias.mx\/wp-content\/uploads\/2022\/09\/7382FD2F-2B7A-400C-B210-55D80A2B6BE5-768x576.jpeg 768w\" sizes=\"auto, (max-width: 1280px) 100vw, 1280px\" \/><\/p>\n\n\n\n<p>Precis\u00f3 que se tuvieron algunos casos de turbiedad en el Valle del Carrizo, incluso en la ciudad de Los Mochis, ya que existen micro algas que son arrastradas por la lluvia y asegur\u00f3 que est\u00e1 controlada la calidad del agua que se entrega o se suministra en la red de agua potable, pero se debe considerar para asegurarse que el agua que reciban los usuarios vaya con la calidad adecuada.<\/p>\n\n\n\n<p>El Titular de la Paramunicipal  mencion\u00f3 que el Alcalde de Ahome, Gerardo Vargas Landeros y la JAPAMA trabajan diariamente para brindar agua de calidad a los habitantes del Municipio de Ahome.<\/p>\n","protected":false},"excerpt":{"rendered":"<p>El Gerente General, Ra\u00fal P\u00e9rez Miranda, indic\u00f3 que esta recomendaci\u00f3n se emite ante efectos que pudiera provocar hurac\u00e1n Kay, como falta de energ\u00eda el\u00e9ctrica en las plantas o si se genera turbiedad en canales que abastecen a las potabilizadoras Los Mochis, Sin.- Por recomendaci\u00f3n de las autoridades de Protecci\u00f3n Civil y ante los efectos que<\/p>\n","protected":false},"author":6,"featured_media":81025,"comment_status":"closed","ping_status":"closed","sticky":false,"template":"","format":"standard","meta":{"footnotes":""},"categories":[38],"tags":[],"class_list":["post-81021","post","type-post","status-publish","format-standard","has-post-thumbnail","hentry","category-locales"],"_links":{"self":[{"href":"https:\/\/plataformanoticias.mx\/index.php?rest_route=\/wp\/v2\/posts\/81021","targetHints":{"allow":["GET"]}}],"collection":[{"href":"https:\/\/plataformanoticias.mx\/index.php?rest_route=\/wp\/v2\/posts"}],"about":[{"href":"https:\/\/plataformanoticias.mx\/index.php?rest_route=\/wp\/v2\/types\/post"}],"author":[{"embeddable":true,"href":"https:\/\/plataformanoticias.mx\/index.php?rest_route=\/wp\/v2\/users\/6"}],"replies":[{"embeddable":true,"href":"https:\/\/plataformanoticias.mx\/index.php?rest_route=%2Fwp%2Fv2%2Fcomments&post=81021"}],"version-history":[{"count":1,"href":"https:\/\/plataformanoticias.mx\/index.php?rest_route=\/wp\/v2\/posts\/81021\/revisions"}],"predecessor-version":[{"id":81026,"href":"https:\/\/plataformanoticias.mx\/index.php?rest_route=\/wp\/v2\/posts\/81021\/revisions\/81026"}],"wp:featuredmedia":[{"embeddable":true,"href":"https:\/\/plataformanoticias.mx\/index.php?rest_route=\/wp\/v2\/media\/81025"}],"wp:attachment":[{"href":"https:\/\/plataformanoticias.mx\/index.php?rest_route=%2Fwp%2Fv2%2Fmedia&parent=81021"}],"wp:term":[{"taxonomy":"category","embeddable":true,"href":"https:\/\/plataformanoticias.mx\/index.php?rest_route=%2Fwp%2Fv2%2Fcategories&post=81021"},{"taxonomy":"post_tag","embeddable":true,"href":"https:\/\/plataformanoticias.mx\/index.php?rest_route=%2Fwp%2Fv2%2Ftags&post=81021"}],"curies":[{"name":"wp","href":"https:\/\/api.w.org\/{rel}","templated":true}]}}