{"id":81075,"date":"2022-09-07T12:55:35","date_gmt":"2022-09-07T19:55:35","guid":{"rendered":"https:\/\/plataformanoticias.mx\/?p=81075"},"modified":"2022-09-07T13:24:55","modified_gmt":"2022-09-07T20:24:55","slug":"trabajo-preventivo-para-temporada-de-lluvias-esta-funcionando-gerardo-vargas-landeros-el-presidente-municipal-reconocio-que-es-una-accion-en-equipo-a-la-cual-se-han-sumado-los-modu","status":"publish","type":"post","link":"https:\/\/plataformanoticias.mx\/?p=81075","title":{"rendered":"\u201cTrabajo preventivo para temporada de lluvias est\u00e1 funcionando\u201d: Gerardo Vargas Landeros"},"content":{"rendered":"\n<p>*El Presidente Municipal reconoci\u00f3 que es una acci\u00f3n en equipo a la cual se han sumado los m\u00f3dulos de riego y la Red Mayor, adem\u00e1s de la conciencia ciudadana\u2026<br><\/p>\n\n\n\n<p><strong>Los Mochis, Ahome, Sinaloa.-<\/strong>El trabajo preventivo que realiza el Gobierno Municipal para hacerle frente a la temporada de lluvias ha rendido frutos en Ahome, al cual se han sumado diversos sectores para apoyar en labores de limpieza, as\u00ed como la conciencia ciudadana evitando tirar basura en las calles.<\/p>\n\n\n\n<p>El Presidente Municipal, C. Gerardo Octavio Vargas Landeros, subray\u00f3 que apenas es el comienzo de la temporada de huracanes,&nbsp;raz\u00f3n por la cual no se puede bajar la guardia y estar\u00e1n atentos, pues el compromiso es salvaguardar la vida de la ciudadan\u00eda.<\/p>\n\n\n\n<p>Detall\u00f3 que&nbsp;el fen\u00f3meno Kay&nbsp;se est\u00e1 alejando, y que este hurac\u00e1n dejar\u00e1 lluvias en menor intensidad de las que se ten\u00edan pronosticadas, las cuales en los \u00faltimos d\u00edas son de poco m\u00e1s de 65 mil\u00edmetros&nbsp;de acuerdo con los registros.<\/p>\n\n\n\n<p>Gerardo Vargas Landeros reconoci\u00f3 que el trabajo preventivo ha permitido que en el municipio no se tengan afectaciones como se ha visto en otros municipios, pero que esto se da gracias a la unidad.<\/p>\n\n\n\n<p>\u201cAfortunadamente en Ahome no estamos en esa circunstancia, pero tambi\u00e9n hay que reconocer, se hizo mucho trabajo preventivo, hicimos un solo equipo los sectores productivos, en este caso los m\u00f3dulos de riego,&nbsp;la Red Mayor, el Ayuntamiento como una sola identidad\u201d, expres\u00f3 el alcalde de Ahome.<\/p>\n\n\n\n<p>Explic\u00f3 que otras de las acciones que se han hecho para prevenir las&nbsp;inundaciones son la atenci\u00f3n a colectores&nbsp;colapsados,&nbsp;que incluyen la sustituci\u00f3n de tubos,&nbsp;acciones que tienen el respaldo del Gobernador de Sinaloa, doctor Rub\u00e9n Rocha Moya,&nbsp;ya que&nbsp;ha destinado recursos para atender estos problemas.<\/p>\n\n\n\n<p>En cuanto al problema de baches, el Presidente Gerardo Vargas Landeros inform\u00f3 que se&nbsp;realiza un trabajo correctivo&nbsp;con concreto, donde participan brigadas de COMUN en coordinaci\u00f3n con Obras P\u00fablicas.<\/p>\n\n\n\n<p>Aclar\u00f3 que desde el inicio de su administraci\u00f3n se ha atendido este tema, pero reconoci\u00f3 que se han enfocado en atender las prioridades, como lo eran la rehabilitaci\u00f3n y construcci\u00f3n de colectores, las cuales se han sacado adelante y est\u00e1n funcionando.<\/p>\n","protected":false},"excerpt":{"rendered":"<p>*El Presidente Municipal reconoci\u00f3 que es una acci\u00f3n en equipo a la cual se han sumado los m\u00f3dulos de riego y la Red Mayor, adem\u00e1s de la conciencia ciudadana\u2026 Los Mochis, Ahome, Sinaloa.-El trabajo preventivo que realiza el Gobierno Municipal para hacerle frente a la temporada de lluvias ha rendido frutos en Ahome, al cual<\/p>\n","protected":false},"author":6,"featured_media":81077,"comment_status":"closed","ping_status":"closed","sticky":false,"template":"","format":"standard","meta":{"footnotes":""},"categories":[38],"tags":[],"class_list":["post-81075","post","type-post","status-publish","format-standard","has-post-thumbnail","hentry","category-locales"],"_links":{"self":[{"href":"https:\/\/plataformanoticias.mx\/index.php?rest_route=\/wp\/v2\/posts\/81075","targetHints":{"allow":["GET"]}}],"collection":[{"href":"https:\/\/plataformanoticias.mx\/index.php?rest_route=\/wp\/v2\/posts"}],"about":[{"href":"https:\/\/plataformanoticias.mx\/index.php?rest_route=\/wp\/v2\/types\/post"}],"author":[{"embeddable":true,"href":"https:\/\/plataformanoticias.mx\/index.php?rest_route=\/wp\/v2\/users\/6"}],"replies":[{"embeddable":true,"href":"https:\/\/plataformanoticias.mx\/index.php?rest_route=%2Fwp%2Fv2%2Fcomments&post=81075"}],"version-history":[{"count":2,"href":"https:\/\/plataformanoticias.mx\/index.php?rest_route=\/wp\/v2\/posts\/81075\/revisions"}],"predecessor-version":[{"id":81090,"href":"https:\/\/plataformanoticias.mx\/index.php?rest_route=\/wp\/v2\/posts\/81075\/revisions\/81090"}],"wp:featuredmedia":[{"embeddable":true,"href":"https:\/\/plataformanoticias.mx\/index.php?rest_route=\/wp\/v2\/media\/81077"}],"wp:attachment":[{"href":"https:\/\/plataformanoticias.mx\/index.php?rest_route=%2Fwp%2Fv2%2Fmedia&parent=81075"}],"wp:term":[{"taxonomy":"category","embeddable":true,"href":"https:\/\/plataformanoticias.mx\/index.php?rest_route=%2Fwp%2Fv2%2Fcategories&post=81075"},{"taxonomy":"post_tag","embeddable":true,"href":"https:\/\/plataformanoticias.mx\/index.php?rest_route=%2Fwp%2Fv2%2Ftags&post=81075"}],"curies":[{"name":"wp","href":"https:\/\/api.w.org\/{rel}","templated":true}]}}