{"id":81079,"date":"2022-09-07T12:56:47","date_gmt":"2022-09-07T19:56:47","guid":{"rendered":"https:\/\/plataformanoticias.mx\/?p=81079"},"modified":"2022-09-07T13:23:27","modified_gmt":"2022-09-07T20:23:27","slug":"recorre-gerardo-vargas-oficinas-del-palacio-municipal-para-corroborar-que-el-personal-este-desempenando-sus-labores","status":"publish","type":"post","link":"https:\/\/plataformanoticias.mx\/?p=81079","title":{"rendered":"Recorre Gerardo Vargas oficinas del Palacio Municipal para corroborar que el personal est\u00e9 desempe\u00f1ando sus labores."},"content":{"rendered":"\n<p><em>*El mu<\/em><em>n\u00edcipe se dijo muy contento por<\/em><em>que encontr\u00f3 todo funcionando como debe de ser, pues a lo largo de estos meses ha trabajado en conformar un equipo s\u00f3lido, fuerte y responsable que atienda a la ciudadan\u00eda\u2026<\/em><\/p>\n\n\n\n<p><strong>Los Mochis,\u00a0Ahome, Sinaloa.-\u00a0C<\/strong>on el firme compromiso de brindar a la ciudadan\u00eda la mejor atenci\u00f3n y servicio en el Gobierno Municipal, el Alcalde de\u00a0Ahome, Gerardo Vargas Landeros,\u00a0recorri\u00f3\u00a0a media ma\u00f1ana las oficinas del Palacio Municipal para corroborar que el personal se encuentre desempe\u00f1ando las labores\u00a0que le corresponden.\u00a0<\/p>\n\n\n\n<p>No es la primera vez que se ve al mun\u00edcipe recorriendo las oficinas, pues ha mencionado en repetidas ocasiones que el tiempo de la ciudadan\u00eda es muy valioso por lo que sale de su despacho para ser testigo que todo funcione con normalidad en los servicios y en la atenci\u00f3n de los programas sociales que se ofrecen.<\/p>\n\n\n\n<p>Vargas Landeros, se dijo muy confiado del equipo de funcionarios que ha conformado, y lo confirma&nbsp;cada vez que por motivos extraordinarios debe dejar el despacho de la Presidencia de forma f\u00edsica,&nbsp;ya que&nbsp;todas las actividades siguen en orden y en funcionamiento como debe de ser.<\/p>\n\n\n\n<p>\u201cCuando se tiene un equipo s\u00f3lido, fuerte, responsable como el que yo presumo que tengo,&nbsp;las cosas siempre salen bien\u201d.<\/p>\n\n\n\n<p>El Alcalde dijo que no solo es importante la hora de entrada o salida del personal, sino verificar que est\u00e9n haciendo todas sus funciones como servidores p\u00fablicos.&nbsp;<\/p>\n\n\n\n<p>Agreg\u00f3 que buscando siempre el bienestar de la poblaci\u00f3n, desde muy temprana hora acudi\u00f3 al Sal\u00f3n de Cabildo para presidir la reuni\u00f3n de seguridad &nbsp;la cual se realiza diario para tratar lo que se vivi\u00f3 con anterioridad las 24hrs y lo que se espera pueda pasar en las pr\u00f3ximas horas, con el fin de trabajar en la reconstrucci\u00f3n de la paz y cuidar las vidas humanas.<\/p>\n\n\n\n<p>Durante el paseo por los pasillos el primer edil se dijo muy emocionado por&nbsp;el mes que estamos viviendo pues es el tiempo perfecto para sentirnos orgullosos de ser mexicanos, y el Gobierno Municipal se prepara para una gran verbena popular este pr\u00f3ximo 15 de septiembre.<\/p>\n\n\n\n<p>\u201cA&nbsp;m\u00ed me encanta este mes, es un mes muy patrio, muy &nbsp;mexicano, muy nuestro y vamos a tener muchas festividades, nos estamos preparando para el d\u00eda 15\u201d.<\/p>\n","protected":false},"excerpt":{"rendered":"<p>*El mun\u00edcipe se dijo muy contento porque encontr\u00f3 todo funcionando como debe de ser, pues a lo largo de estos meses ha trabajado en conformar un equipo s\u00f3lido, fuerte y responsable que atienda a la ciudadan\u00eda\u2026 Los Mochis,\u00a0Ahome, Sinaloa.-\u00a0Con el firme compromiso de brindar a la ciudadan\u00eda la mejor atenci\u00f3n y servicio en el Gobierno<\/p>\n","protected":false},"author":6,"featured_media":81081,"comment_status":"closed","ping_status":"closed","sticky":false,"template":"","format":"standard","meta":{"footnotes":""},"categories":[38],"tags":[],"class_list":["post-81079","post","type-post","status-publish","format-standard","has-post-thumbnail","hentry","category-locales"],"_links":{"self":[{"href":"https:\/\/plataformanoticias.mx\/index.php?rest_route=\/wp\/v2\/posts\/81079","targetHints":{"allow":["GET"]}}],"collection":[{"href":"https:\/\/plataformanoticias.mx\/index.php?rest_route=\/wp\/v2\/posts"}],"about":[{"href":"https:\/\/plataformanoticias.mx\/index.php?rest_route=\/wp\/v2\/types\/post"}],"author":[{"embeddable":true,"href":"https:\/\/plataformanoticias.mx\/index.php?rest_route=\/wp\/v2\/users\/6"}],"replies":[{"embeddable":true,"href":"https:\/\/plataformanoticias.mx\/index.php?rest_route=%2Fwp%2Fv2%2Fcomments&post=81079"}],"version-history":[{"count":2,"href":"https:\/\/plataformanoticias.mx\/index.php?rest_route=\/wp\/v2\/posts\/81079\/revisions"}],"predecessor-version":[{"id":81089,"href":"https:\/\/plataformanoticias.mx\/index.php?rest_route=\/wp\/v2\/posts\/81079\/revisions\/81089"}],"wp:featuredmedia":[{"embeddable":true,"href":"https:\/\/plataformanoticias.mx\/index.php?rest_route=\/wp\/v2\/media\/81081"}],"wp:attachment":[{"href":"https:\/\/plataformanoticias.mx\/index.php?rest_route=%2Fwp%2Fv2%2Fmedia&parent=81079"}],"wp:term":[{"taxonomy":"category","embeddable":true,"href":"https:\/\/plataformanoticias.mx\/index.php?rest_route=%2Fwp%2Fv2%2Fcategories&post=81079"},{"taxonomy":"post_tag","embeddable":true,"href":"https:\/\/plataformanoticias.mx\/index.php?rest_route=%2Fwp%2Fv2%2Ftags&post=81079"}],"curies":[{"name":"wp","href":"https:\/\/api.w.org\/{rel}","templated":true}]}}