{"id":81083,"date":"2022-09-07T13:04:24","date_gmt":"2022-09-07T20:04:24","guid":{"rendered":"https:\/\/plataformanoticias.mx\/?p=81083"},"modified":"2022-09-07T13:04:25","modified_gmt":"2022-09-07T20:04:25","slug":"dispersa-secretaria-del-bienestar-apoyos-extraordinarios-para-familias-afectadas-por-las-lluvias-en-el-municipio-de-ahome","status":"publish","type":"post","link":"https:\/\/plataformanoticias.mx\/?p=81083","title":{"rendered":"Dispersa Secretar\u00eda del Bienestar, apoyos extraordinarios para familias afectadas por las lluvias en el Municipio de Ahome."},"content":{"rendered":"\n<p><strong><em>*<\/em><\/strong><strong><em>Ana Mar\u00eda Boj\u00f3rquez, Dir. de Bienestar Social, inform\u00f3 que esta semana se han visitado a familias de comunidades del valle del Carrizo para la entrega de los apoyos emergentes, y que el alcalde Gerardo Vargas Landeros, est\u00e1 gestionando mayores apoyos ante los gobiernos de Sinaloa y de M\u00e9xico\u2026<\/em><\/strong><\/p>\n\n\n\n<p><strong>Los Mochis,\u00a0Ahome, Sinaloa.-\u00a0<\/strong>Familias ahomenses que han resultado seriamente afectadas por las lluvias de los \u00faltimos d\u00edas en la localidad, principalmente en comunidades rurales, de las m\u00e1s alejadasde la zona urbana,\u00a0est\u00e1n recibiendo apoyos emergentes por parte del Gobierno para que afronten la situaci\u00f3n.<\/p>\n\n\n\n<p>Ana Mar\u00eda Boj\u00f3rquez, Directora de Bienestar Social del Ayuntamiento de Ahome, explic\u00f3 en entrevista que, \u201cdesde el pasado lunes se inici\u00f3 con la dispersi\u00f3n de los recursos emergentes para estas familias y se continuar\u00e1 estos d\u00edas hasta atender a los que se enlistaron durante las visitas que se est\u00e1n haciendo desde&nbsp;las pasadas lluvias, principalmente en el valle de El Carrizo, que han sido las m\u00e1s afectadas\u201d.<\/p>\n\n\n\n<p>La funcionaria expres\u00f3 que, ante la emergencia y n\u00famero de familias afectadas que cada d\u00eda se suman, el Alcalde Gerardo Vargas Landeros, est\u00e1 haciendo gestiones en los gobiernos Estatal y Federal, para poder ayudar a m\u00e1s familias que est\u00e1n en lista de espera.<\/p>\n\n\n\n<p>Dijo que suman alrededor de\u00a0176 familias\u00a0las que ya han sido apoyadas,\u00a0y que\u00a0la lista aumenta con\u00a070\u00a0m\u00e1s que han sido identificadas con p\u00e9rdida de sus pertenencias como camas, colchones y enseres dom\u00e9sticos principalmente.<img loading=\"lazy\" decoding=\"async\" width=\"1084\" height=\"960\" class=\"wp-image-81085\" style=\"width: 650px\" src=\"https:\/\/plataformanoticias.mx\/wp-content\/uploads\/2022\/09\/3940AE8B-9DFB-4D19-8E5D-E994C1D5E967.jpeg\" alt=\"\" srcset=\"https:\/\/plataformanoticias.mx\/wp-content\/uploads\/2022\/09\/3940AE8B-9DFB-4D19-8E5D-E994C1D5E967.jpeg 1084w, https:\/\/plataformanoticias.mx\/wp-content\/uploads\/2022\/09\/3940AE8B-9DFB-4D19-8E5D-E994C1D5E967-300x266.jpeg 300w, https:\/\/plataformanoticias.mx\/wp-content\/uploads\/2022\/09\/3940AE8B-9DFB-4D19-8E5D-E994C1D5E967-1024x907.jpeg 1024w, https:\/\/plataformanoticias.mx\/wp-content\/uploads\/2022\/09\/3940AE8B-9DFB-4D19-8E5D-E994C1D5E967-768x680.jpeg 768w\" sizes=\"auto, (max-width: 1084px) 100vw, 1084px\" \/><\/p>\n\n\n\n<p>\u201cPor fortuna tenemos gobernantes sensibles que est\u00e1n al&nbsp;pendiente&nbsp;de las&nbsp;afectaciones&nbsp;con estas&nbsp;lluvias&nbsp;en las que las familias han perdido enseres de casa,&nbsp;por lo que estamos visitando a estas&nbsp;personas&nbsp;y&nbsp;tomando nota para verificar su situaci\u00f3n\u201d, dijo la servidora municipal.<\/p>\n\n\n\n<p>Cabe citar que,&nbsp;durante los d\u00edas de lluvia, las brigadas de apoyo del Gobierno Municipal, encabezadas por el Alcalde Gerardo Vargas Landeros, han&nbsp;acudido a&nbsp;ayudar en la emergencia a las familias afectadas,&nbsp;llev\u00e1ndoles despensas, ropa, servicios m\u00e9dicos y medicamento, as\u00ed como maquinaria para desfogar el agua, destapar drenajes y canales anegados, y hacer lista de necesidades prioritarias.<\/p>\n","protected":false},"excerpt":{"rendered":"<p>*Ana Mar\u00eda Boj\u00f3rquez, Dir. de Bienestar Social, inform\u00f3 que esta semana se han visitado a familias de comunidades del valle del Carrizo para la entrega de los apoyos emergentes, y que el alcalde Gerardo Vargas Landeros, est\u00e1 gestionando mayores apoyos ante los gobiernos de Sinaloa y de M\u00e9xico\u2026 Los Mochis,\u00a0Ahome, Sinaloa.-\u00a0Familias ahomenses que han resultado<\/p>\n","protected":false},"author":6,"featured_media":81086,"comment_status":"closed","ping_status":"closed","sticky":false,"template":"","format":"standard","meta":{"footnotes":""},"categories":[38],"tags":[],"class_list":["post-81083","post","type-post","status-publish","format-standard","has-post-thumbnail","hentry","category-locales"],"_links":{"self":[{"href":"https:\/\/plataformanoticias.mx\/index.php?rest_route=\/wp\/v2\/posts\/81083","targetHints":{"allow":["GET"]}}],"collection":[{"href":"https:\/\/plataformanoticias.mx\/index.php?rest_route=\/wp\/v2\/posts"}],"about":[{"href":"https:\/\/plataformanoticias.mx\/index.php?rest_route=\/wp\/v2\/types\/post"}],"author":[{"embeddable":true,"href":"https:\/\/plataformanoticias.mx\/index.php?rest_route=\/wp\/v2\/users\/6"}],"replies":[{"embeddable":true,"href":"https:\/\/plataformanoticias.mx\/index.php?rest_route=%2Fwp%2Fv2%2Fcomments&post=81083"}],"version-history":[{"count":1,"href":"https:\/\/plataformanoticias.mx\/index.php?rest_route=\/wp\/v2\/posts\/81083\/revisions"}],"predecessor-version":[{"id":81087,"href":"https:\/\/plataformanoticias.mx\/index.php?rest_route=\/wp\/v2\/posts\/81083\/revisions\/81087"}],"wp:featuredmedia":[{"embeddable":true,"href":"https:\/\/plataformanoticias.mx\/index.php?rest_route=\/wp\/v2\/media\/81086"}],"wp:attachment":[{"href":"https:\/\/plataformanoticias.mx\/index.php?rest_route=%2Fwp%2Fv2%2Fmedia&parent=81083"}],"wp:term":[{"taxonomy":"category","embeddable":true,"href":"https:\/\/plataformanoticias.mx\/index.php?rest_route=%2Fwp%2Fv2%2Fcategories&post=81083"},{"taxonomy":"post_tag","embeddable":true,"href":"https:\/\/plataformanoticias.mx\/index.php?rest_route=%2Fwp%2Fv2%2Ftags&post=81083"}],"curies":[{"name":"wp","href":"https:\/\/api.w.org\/{rel}","templated":true}]}}