{"id":81093,"date":"2022-09-07T15:44:02","date_gmt":"2022-09-07T22:44:02","guid":{"rendered":"https:\/\/plataformanoticias.mx\/?p=81093"},"modified":"2022-09-07T15:44:04","modified_gmt":"2022-09-07T22:44:04","slug":"la-recomendacion-a-los-productores-de-frijol-es-que-aseguren-una-buena-cosecha-con-semilla-certificada-cesar-galaviz","status":"publish","type":"post","link":"https:\/\/plataformanoticias.mx\/?p=81093","title":{"rendered":"La recomendaci\u00f3n a los productores de frijol es que aseguren una buena cosecha con semilla certificada: C\u00e9sar Galaviz"},"content":{"rendered":"\n<p><\/p>\n\n\n\n<p><em>Los Mochis, Sinaloa. \u2013<\/em> Algo muy importante en el proceso de producci\u00f3n agr\u00edcola es contar con semilla certificada y 100% verificada por el Servicio Nacional de Inspecci\u00f3n y Certificaci\u00f3n de Semillas (SNICS) que garantice el rendimiento de la cosecha, por ello, el presidente de la Asociaci\u00f3n de Agricultores del R\u00edo Fuerte Sur C\u00e9sar Enrique Galaviz Lugo recomend\u00f3 a los productores sembrar s\u00f3lo con semilla certificada. <\/p>\n\n\n\n<p>\u201cLa agricultura es una de las actividades con mayores riesgos; el clima, agua, altos costos de producci\u00f3n, falta de apoyos, volatilidad de precios, entre otros, son factores externos que todos los a\u00f1os nosotros los productores tenemos que enfrentar para ser m\u00e1s rentables\u2026 Sin embargo, hay cosas que s\u00ed est\u00e1n en nuestras manos como elegir semilla de siembra de la mejor calidad y pureza, que nos den la confianza de poder cosechar buenos rendimientos.\u201d, indic\u00f3 Galaviz Lugo.<\/p>\n\n\n\n<p>En base a lo anterior, el l\u00edder agr\u00edcola realiz\u00f3 un llamado a todos los productores para que se acerquen a casas comerciales o distribuidores de semilla de frijol certificada y no pongan en riesgo su inversi\u00f3n.<br> Otro punto importante que puntualiz\u00f3 Galaviz fue el que los agricultores deben de analizar muy bien su programaci\u00f3n de cultivos; la cual debe de ser conservadora en la superficie de siembra de frijol para no saturar los mercados y as\u00ed garantizar una comercializaci\u00f3n con buenos precios.<img loading=\"lazy\" decoding=\"async\" width=\"1280\" height=\"853\" class=\"wp-image-81095\" style=\"width: 650px\" src=\"https:\/\/plataformanoticias.mx\/wp-content\/uploads\/2022\/09\/6E2E53D6-B33B-401C-A5D9-D0085C5D398B.jpeg\" alt=\"\" srcset=\"https:\/\/plataformanoticias.mx\/wp-content\/uploads\/2022\/09\/6E2E53D6-B33B-401C-A5D9-D0085C5D398B.jpeg 1280w, https:\/\/plataformanoticias.mx\/wp-content\/uploads\/2022\/09\/6E2E53D6-B33B-401C-A5D9-D0085C5D398B-300x200.jpeg 300w, https:\/\/plataformanoticias.mx\/wp-content\/uploads\/2022\/09\/6E2E53D6-B33B-401C-A5D9-D0085C5D398B-1024x682.jpeg 1024w, https:\/\/plataformanoticias.mx\/wp-content\/uploads\/2022\/09\/6E2E53D6-B33B-401C-A5D9-D0085C5D398B-768x512.jpeg 768w\" sizes=\"auto, (max-width: 1280px) 100vw, 1280px\" \/><\/p>\n\n\n\n<p>\u201cA pesar de los buenos almacenamientos de agua en el sistema de presas del norte de Sinaloa y de lo atractivo que es sembrar un segundo cultivo, a\u00fan no tenemos garantizado el ciclo primavera-verano, por lo que tendremos que analizar muy bien nuestra programaci\u00f3n de cultivos y as\u00ed buscar una buena rentabilidad\u201d, se\u00f1al\u00f3 C\u00e9sar Galaviz.<\/p>\n\n\n\n<p>Es preocupante c\u00f3mo en los \u00faltimos a\u00f1os el consumo nacional de frijol ha estado disminuyendo a niveles de casi 1 mill\u00f3n de toneladas, donde actualmente el 47% corresponde a frijoles negros, 36% pintos, 11% azufrados y 6% a claros, con un consumo anual per c\u00e1pita de 9 kg.<\/p>\n\n\n\n<p>\u201cCon estas cifras, nosotros como asociaci\u00f3n y como productores estamos obligados a promover e incentivar el consumo de frijol; resaltando la calidad y los beneficios de nuestros frijoles azufrados producidos en Sinaloa, con el objetivo de crear un equilibrio entre la oferta y la demanda para obtener mejores precios en nuestras cosechas\u201d, finaliz\u00f3 Galaviz Lugo.<\/p>\n","protected":false},"excerpt":{"rendered":"<p>Los Mochis, Sinaloa. \u2013 Algo muy importante en el proceso de producci\u00f3n agr\u00edcola es contar con semilla certificada y 100% verificada por el Servicio Nacional de Inspecci\u00f3n y Certificaci\u00f3n de Semillas (SNICS) que garantice el rendimiento de la cosecha, por ello, el presidente de la Asociaci\u00f3n de Agricultores del R\u00edo Fuerte Sur C\u00e9sar Enrique Galaviz<\/p>\n","protected":false},"author":6,"featured_media":81096,"comment_status":"closed","ping_status":"closed","sticky":false,"template":"","format":"standard","meta":{"footnotes":""},"categories":[38],"tags":[],"class_list":["post-81093","post","type-post","status-publish","format-standard","has-post-thumbnail","hentry","category-locales"],"_links":{"self":[{"href":"https:\/\/plataformanoticias.mx\/index.php?rest_route=\/wp\/v2\/posts\/81093","targetHints":{"allow":["GET"]}}],"collection":[{"href":"https:\/\/plataformanoticias.mx\/index.php?rest_route=\/wp\/v2\/posts"}],"about":[{"href":"https:\/\/plataformanoticias.mx\/index.php?rest_route=\/wp\/v2\/types\/post"}],"author":[{"embeddable":true,"href":"https:\/\/plataformanoticias.mx\/index.php?rest_route=\/wp\/v2\/users\/6"}],"replies":[{"embeddable":true,"href":"https:\/\/plataformanoticias.mx\/index.php?rest_route=%2Fwp%2Fv2%2Fcomments&post=81093"}],"version-history":[{"count":1,"href":"https:\/\/plataformanoticias.mx\/index.php?rest_route=\/wp\/v2\/posts\/81093\/revisions"}],"predecessor-version":[{"id":81097,"href":"https:\/\/plataformanoticias.mx\/index.php?rest_route=\/wp\/v2\/posts\/81093\/revisions\/81097"}],"wp:featuredmedia":[{"embeddable":true,"href":"https:\/\/plataformanoticias.mx\/index.php?rest_route=\/wp\/v2\/media\/81096"}],"wp:attachment":[{"href":"https:\/\/plataformanoticias.mx\/index.php?rest_route=%2Fwp%2Fv2%2Fmedia&parent=81093"}],"wp:term":[{"taxonomy":"category","embeddable":true,"href":"https:\/\/plataformanoticias.mx\/index.php?rest_route=%2Fwp%2Fv2%2Fcategories&post=81093"},{"taxonomy":"post_tag","embeddable":true,"href":"https:\/\/plataformanoticias.mx\/index.php?rest_route=%2Fwp%2Fv2%2Ftags&post=81093"}],"curies":[{"name":"wp","href":"https:\/\/api.w.org\/{rel}","templated":true}]}}