{"id":81103,"date":"2022-09-07T15:48:06","date_gmt":"2022-09-07T22:48:06","guid":{"rendered":"https:\/\/plataformanoticias.mx\/?p=81103"},"modified":"2022-09-07T15:48:08","modified_gmt":"2022-09-07T22:48:08","slug":"trasladan-a-ostok-gran-reptil-deambulaba-en-zona-habitacional","status":"publish","type":"post","link":"https:\/\/plataformanoticias.mx\/?p=81103","title":{"rendered":"Trasladan a Ostok gran reptil, deambulaba en zona habitacional"},"content":{"rendered":"\n<p><br> Es la sexta especie acutus que ingresa al santuario para su atenci\u00f3n veterinaria en los \u00faltimos 15 d\u00edas.<br>  Ejido Jes\u00fas Mar\u00eda, Culiac\u00e1n, Sinaloa. \u2013 La Unidad de Rescate de Fauna Silvestre de Ostok, y del zool\u00f3gico de Culiac\u00e1n, ingresan un cocodrilo acutus de casi 4 metros de largo a la reserva ecol\u00f3gica para su observaci\u00f3n y valoraci\u00f3n veterinaria, luego de ser asegurado en la sindicatura de Villa Ju\u00e1rez, Navolato.<br> En un trabajo coordinado con autoridades de Protecci\u00f3n Civil de Navolato e inspectores de la Profepa Sinaloa, se determin\u00f3 darle cabida en la reserva ecol\u00f3gica de Ostok Animal Protection &amp; Sanctuary, por su gran tama\u00f1o y con un peso aproximado de 250 kg. detall\u00f3 su director, Ernesto Zazueta Zazueta.<img loading=\"lazy\" decoding=\"async\" width=\"1164\" height=\"1009\" class=\"wp-image-81109\" style=\"width: 650px\" src=\"https:\/\/plataformanoticias.mx\/wp-content\/uploads\/2022\/09\/B082BB52-80BF-41BE-B3B7-0728AA8A14FA.jpeg\" alt=\"\" srcset=\"https:\/\/plataformanoticias.mx\/wp-content\/uploads\/2022\/09\/B082BB52-80BF-41BE-B3B7-0728AA8A14FA.jpeg 1164w, https:\/\/plataformanoticias.mx\/wp-content\/uploads\/2022\/09\/B082BB52-80BF-41BE-B3B7-0728AA8A14FA-300x260.jpeg 300w, https:\/\/plataformanoticias.mx\/wp-content\/uploads\/2022\/09\/B082BB52-80BF-41BE-B3B7-0728AA8A14FA-1024x888.jpeg 1024w, https:\/\/plataformanoticias.mx\/wp-content\/uploads\/2022\/09\/B082BB52-80BF-41BE-B3B7-0728AA8A14FA-768x666.jpeg 768w\" sizes=\"auto, (max-width: 1164px) 100vw, 1164px\" \/><br>  \u201cLa gente lo contuvo, acudimos al rescate junto con Protecci\u00f3n Civil para ponerlo a salvo, tanto a \u00e9l como a la gente, en este tiempo salen muchos de este tipo de animales, es peligroso es un animal muy grande, a parte que son animales que est\u00e1n acostumbrados a convivir de cierto modo con otros, y con las comunidades, pero si se les debe mucho respeto, porque son animales muy grandes, muy fuertes y que pueden causarle un da\u00f1o a alguien o a ellos mismos, entonces para evitar un problema, PC decidi\u00f3 trasladarlo\u201d.<br> El directivo de Ostok, revel\u00f3 que se le acondicion\u00f3 un espacio al reptil para su valoraci\u00f3n, en tanto las autoridades correspondientes determinan el destino que se le dar\u00e1, toda vez que reintegrarse a su h\u00e1bitat de la regi\u00f3n, pudiera regresar a las comunidades comprometiendo la seguridad de las personas, al encontrar como fuente de alimento las zonas pobladas.<img loading=\"lazy\" decoding=\"async\" width=\"912\" height=\"670\" class=\"wp-image-81108\" style=\"width: 650px\" src=\"https:\/\/plataformanoticias.mx\/wp-content\/uploads\/2022\/09\/65D907A3-D73F-4BB8-BE8D-13843EF6EF12.jpeg\" alt=\"\" srcset=\"https:\/\/plataformanoticias.mx\/wp-content\/uploads\/2022\/09\/65D907A3-D73F-4BB8-BE8D-13843EF6EF12.jpeg 912w, https:\/\/plataformanoticias.mx\/wp-content\/uploads\/2022\/09\/65D907A3-D73F-4BB8-BE8D-13843EF6EF12-300x220.jpeg 300w, https:\/\/plataformanoticias.mx\/wp-content\/uploads\/2022\/09\/65D907A3-D73F-4BB8-BE8D-13843EF6EF12-768x564.jpeg 768w\" sizes=\"auto, (max-width: 912px) 100vw, 912px\" \/><br>  \u201cVamos a velar por su salud, por su bienestar en lo que se decide qu\u00e9 hacer con \u00e9l, las autoridades tomar\u00e1n sus decisiones, o si se va a otro lado a donde no pueda estar saliendo a convivir con los seres humanos y ver que se puede hacer\u201d.<br>  Por su parte, Diego Garc\u00eda Heredia director del zool\u00f3gico de Culiac\u00e1n, revel\u00f3 que, en los \u00faltimos 15 d\u00edas, han asegurado junto con autoridades de Profepa, otros tres cocodrilos acutus de tama\u00f1o muy grande, y tres cr\u00edas de cocodrilos, los cuales tienen su espacio temporal en el santuario Ostok.<\/p>\n","protected":false},"excerpt":{"rendered":"<p>Es la sexta especie acutus que ingresa al santuario para su atenci\u00f3n veterinaria en los \u00faltimos 15 d\u00edas. Ejido Jes\u00fas Mar\u00eda, Culiac\u00e1n, Sinaloa. \u2013 La Unidad de Rescate de Fauna Silvestre de Ostok, y del zool\u00f3gico de Culiac\u00e1n, ingresan un cocodrilo acutus de casi 4 metros de largo a la reserva ecol\u00f3gica para su observaci\u00f3n<\/p>\n","protected":false},"author":6,"featured_media":81110,"comment_status":"closed","ping_status":"closed","sticky":false,"template":"","format":"standard","meta":{"footnotes":""},"categories":[28],"tags":[],"class_list":["post-81103","post","type-post","status-publish","format-standard","has-post-thumbnail","hentry","category-centro"],"_links":{"self":[{"href":"https:\/\/plataformanoticias.mx\/index.php?rest_route=\/wp\/v2\/posts\/81103","targetHints":{"allow":["GET"]}}],"collection":[{"href":"https:\/\/plataformanoticias.mx\/index.php?rest_route=\/wp\/v2\/posts"}],"about":[{"href":"https:\/\/plataformanoticias.mx\/index.php?rest_route=\/wp\/v2\/types\/post"}],"author":[{"embeddable":true,"href":"https:\/\/plataformanoticias.mx\/index.php?rest_route=\/wp\/v2\/users\/6"}],"replies":[{"embeddable":true,"href":"https:\/\/plataformanoticias.mx\/index.php?rest_route=%2Fwp%2Fv2%2Fcomments&post=81103"}],"version-history":[{"count":1,"href":"https:\/\/plataformanoticias.mx\/index.php?rest_route=\/wp\/v2\/posts\/81103\/revisions"}],"predecessor-version":[{"id":81111,"href":"https:\/\/plataformanoticias.mx\/index.php?rest_route=\/wp\/v2\/posts\/81103\/revisions\/81111"}],"wp:featuredmedia":[{"embeddable":true,"href":"https:\/\/plataformanoticias.mx\/index.php?rest_route=\/wp\/v2\/media\/81110"}],"wp:attachment":[{"href":"https:\/\/plataformanoticias.mx\/index.php?rest_route=%2Fwp%2Fv2%2Fmedia&parent=81103"}],"wp:term":[{"taxonomy":"category","embeddable":true,"href":"https:\/\/plataformanoticias.mx\/index.php?rest_route=%2Fwp%2Fv2%2Fcategories&post=81103"},{"taxonomy":"post_tag","embeddable":true,"href":"https:\/\/plataformanoticias.mx\/index.php?rest_route=%2Fwp%2Fv2%2Ftags&post=81103"}],"curies":[{"name":"wp","href":"https:\/\/api.w.org\/{rel}","templated":true}]}}