{"id":81123,"date":"2022-09-07T19:16:59","date_gmt":"2022-09-08T02:16:59","guid":{"rendered":"https:\/\/plataformanoticias.mx\/?p=81123"},"modified":"2022-09-07T19:17:00","modified_gmt":"2022-09-08T02:17:00","slug":"proteccion-civil-apoya-en-entrega-de-despensas-en-el-fuerte","status":"publish","type":"post","link":"https:\/\/plataformanoticias.mx\/?p=81123","title":{"rendered":"Protecci\u00f3n Civil apoya en entrega de despensas en El Fuerte"},"content":{"rendered":"\n<p><\/p>\n\n\n\n<p><em>*Se activaron 4 refugios para auxiliar temporalmente a 112 personas de este municipio.<\/em><\/p>\n\n\n\n<p><em>El Fuerte, Sinaloa.-<\/em> Como parte de las acciones de atenci\u00f3n a la poblaci\u00f3n afectada por las lluvias derivadas del hurac\u00e1n &#8220;Kay&#8221; en Sinaloa, esta tarde, el Instituto Estatal de Protecci\u00f3n Civil, que dirige Aurelio Roy Navarrete Cuevas, en coordinaci\u00f3n con Guardia Nacional, Ej\u00e9rcito Mexicano y Protecci\u00f3n Civil Municipal, brind\u00f3 el apoyo para la entrega de despensas a familias de las comunidades de &#8220;Ojitos&#8221; y &#8220;Lo de Vega&#8221;, municipio de El Fuerte, donde adem\u00e1s, se realiz\u00f3 un recorrido para verificar posibles afectaciones en paredes y techos de algunas viviendas, detectando un total de 63 casas en las comunidades de Sibajahui, Ejido Palo Verde y Ejido Km 19.<img loading=\"lazy\" decoding=\"async\" width=\"1024\" height=\"768\" class=\"wp-image-81127\" style=\"width: 650px\" src=\"https:\/\/plataformanoticias.mx\/wp-content\/uploads\/2022\/09\/B1FEDDCD-E88E-4C84-BFAC-DC0CF200F655.jpeg\" alt=\"\" srcset=\"https:\/\/plataformanoticias.mx\/wp-content\/uploads\/2022\/09\/B1FEDDCD-E88E-4C84-BFAC-DC0CF200F655.jpeg 1024w, https:\/\/plataformanoticias.mx\/wp-content\/uploads\/2022\/09\/B1FEDDCD-E88E-4C84-BFAC-DC0CF200F655-300x225.jpeg 300w, https:\/\/plataformanoticias.mx\/wp-content\/uploads\/2022\/09\/B1FEDDCD-E88E-4C84-BFAC-DC0CF200F655-768x576.jpeg 768w\" sizes=\"auto, (max-width: 1024px) 100vw, 1024px\" \/><\/p>\n\n\n\n<p>Derivado de esta situaci\u00f3n, en este municipio se activaron los siguientes cuatro refugios temporales, en los que se resguardaron 112 personas en total:<\/p>\n\n\n\n<ol class=\"wp-block-list\"><li>Escuela Secundaria Jose Mar\u00eda Zamora, ubicada en la Sindicatura de San Blas, con 33 personas en resguardo, todas de la comunidad de Sibajahui. <\/li><li>Escuela Primaria Cuauht\u00e9moc, ubicada en el Ejido Km 19, con 12 personas en resguardo. <\/li><li>Escuela Primaria Ind\u00edgena Guadalupe Victoria, ubicada en el Ejido Palo Verde, con 55 personas en resguardo. <\/li><li>Plantel de ICATSIN, ubicada en la Sindicatura de San Blas, con 12 personas en resguardo. <img loading=\"lazy\" decoding=\"async\" width=\"1024\" height=\"768\" class=\"wp-image-81125\" style=\"width: 650px\" src=\"https:\/\/plataformanoticias.mx\/wp-content\/uploads\/2022\/09\/D56BBF6D-4182-4655-8D28-7D4A030C9C37.jpeg\" alt=\"\" srcset=\"https:\/\/plataformanoticias.mx\/wp-content\/uploads\/2022\/09\/D56BBF6D-4182-4655-8D28-7D4A030C9C37.jpeg 1024w, https:\/\/plataformanoticias.mx\/wp-content\/uploads\/2022\/09\/D56BBF6D-4182-4655-8D28-7D4A030C9C37-300x225.jpeg 300w, https:\/\/plataformanoticias.mx\/wp-content\/uploads\/2022\/09\/D56BBF6D-4182-4655-8D28-7D4A030C9C37-768x576.jpeg 768w\" sizes=\"auto, (max-width: 1024px) 100vw, 1024px\" \/><\/li><\/ol>\n\n\n\n<p>Se solicita a a la ciudadan\u00eda mantener sus medidas preventivas y se invita a evitar introducirse en arroyos, drenes, vados o cualquier otro caudal de agua, ya que de lo contrario se corre riesgo de ser arrastrados por las fuertes corrientes de agua o incluso perder la vida.<\/p>\n","protected":false},"excerpt":{"rendered":"<p>*Se activaron 4 refugios para auxiliar temporalmente a 112 personas de este municipio. El Fuerte, Sinaloa.- Como parte de las acciones de atenci\u00f3n a la poblaci\u00f3n afectada por las lluvias derivadas del hurac\u00e1n &#8220;Kay&#8221; en Sinaloa, esta tarde, el Instituto Estatal de Protecci\u00f3n Civil, que dirige Aurelio Roy Navarrete Cuevas, en coordinaci\u00f3n con Guardia Nacional,<\/p>\n","protected":false},"author":6,"featured_media":81128,"comment_status":"closed","ping_status":"closed","sticky":false,"template":"","format":"standard","meta":{"footnotes":""},"categories":[27],"tags":[],"class_list":["post-81123","post","type-post","status-publish","format-standard","has-post-thumbnail","hentry","category-norte"],"_links":{"self":[{"href":"https:\/\/plataformanoticias.mx\/index.php?rest_route=\/wp\/v2\/posts\/81123","targetHints":{"allow":["GET"]}}],"collection":[{"href":"https:\/\/plataformanoticias.mx\/index.php?rest_route=\/wp\/v2\/posts"}],"about":[{"href":"https:\/\/plataformanoticias.mx\/index.php?rest_route=\/wp\/v2\/types\/post"}],"author":[{"embeddable":true,"href":"https:\/\/plataformanoticias.mx\/index.php?rest_route=\/wp\/v2\/users\/6"}],"replies":[{"embeddable":true,"href":"https:\/\/plataformanoticias.mx\/index.php?rest_route=%2Fwp%2Fv2%2Fcomments&post=81123"}],"version-history":[{"count":1,"href":"https:\/\/plataformanoticias.mx\/index.php?rest_route=\/wp\/v2\/posts\/81123\/revisions"}],"predecessor-version":[{"id":81129,"href":"https:\/\/plataformanoticias.mx\/index.php?rest_route=\/wp\/v2\/posts\/81123\/revisions\/81129"}],"wp:featuredmedia":[{"embeddable":true,"href":"https:\/\/plataformanoticias.mx\/index.php?rest_route=\/wp\/v2\/media\/81128"}],"wp:attachment":[{"href":"https:\/\/plataformanoticias.mx\/index.php?rest_route=%2Fwp%2Fv2%2Fmedia&parent=81123"}],"wp:term":[{"taxonomy":"category","embeddable":true,"href":"https:\/\/plataformanoticias.mx\/index.php?rest_route=%2Fwp%2Fv2%2Fcategories&post=81123"},{"taxonomy":"post_tag","embeddable":true,"href":"https:\/\/plataformanoticias.mx\/index.php?rest_route=%2Fwp%2Fv2%2Ftags&post=81123"}],"curies":[{"name":"wp","href":"https:\/\/api.w.org\/{rel}","templated":true}]}}