{"id":81137,"date":"2022-09-08T09:50:03","date_gmt":"2022-09-08T16:50:03","guid":{"rendered":"https:\/\/plataformanoticias.mx\/?p=81137"},"modified":"2022-09-08T09:50:26","modified_gmt":"2022-09-08T16:50:26","slug":"oficializan-a-minerva-vazquez-como-presidenta-de-consejo-estatal-de-morena-en-sinaloa","status":"publish","type":"post","link":"https:\/\/plataformanoticias.mx\/?p=81137","title":{"rendered":"Oficializan a Minerva V\u00e1zquez como presidenta de Consejo Estatal de Morena en Sinaloa"},"content":{"rendered":"\n<p>La morenista se reuni\u00f3 con Mario Delgado para hacer frente a pr\u00f3ximos procesos electorales <\/p>\n\n\n\n<p>Culiac\u00e1n, Sinaloa.- El comit\u00e9 nacional de Morena entreg\u00f3 oficialmente el acta nombramiento de Presidenta del Consejo Estatal de Morena en Sinaloa a Juana Minerva V\u00e1zquez Gonz\u00e1lez.<\/p>\n\n\n\n<p>En una productiva reuni\u00f3n con el dirigente nacional Mario Delgado y la secretaria general Citlalli Hernandez estuvieron presentes presidentes de comit\u00e9s estatales de Morena para capacitar y formalizar los nombramientos que habr\u00e1n que desempe\u00f1ar en los pr\u00f3ximos periodos.<\/p>\n\n\n\n<p>Asimismo Juana Minerva dijo que en la reuni\u00f3n se toc\u00f3 el tema del pr\u00f3ximo congreso nacional en donde se elegir\u00e1 al pr\u00f3ximo Comit\u00e9 Ejecutivo Nacional en donde los 70 consejeros de Sinaloa estar\u00e1n participando para elegir dichos cargos nacionales.<\/p>\n\n\n\n<p>Por otro lado se habl\u00f3 de respaldar la tem\u00e1tica de la Guardia Nacional para dar apoyo al presidente Andr\u00e9s Manuel L\u00f3pez Obrador en esta reforma as\u00ed como la de la prisi\u00f3n preventiva oficiosa que se debate en estos momentos.<\/p>\n","protected":false},"excerpt":{"rendered":"<p>La morenista se reuni\u00f3 con Mario Delgado para hacer frente a pr\u00f3ximos procesos electorales Culiac\u00e1n, Sinaloa.- El comit\u00e9 nacional de Morena entreg\u00f3 oficialmente el acta nombramiento de Presidenta del Consejo Estatal de Morena en Sinaloa a Juana Minerva V\u00e1zquez Gonz\u00e1lez. En una productiva reuni\u00f3n con el dirigente nacional Mario Delgado y la secretaria general Citlalli<\/p>\n","protected":false},"author":6,"featured_media":81139,"comment_status":"closed","ping_status":"closed","sticky":false,"template":"","format":"standard","meta":{"footnotes":""},"categories":[31],"tags":[],"class_list":["post-81137","post","type-post","status-publish","format-standard","has-post-thumbnail","hentry","category-politica"],"_links":{"self":[{"href":"https:\/\/plataformanoticias.mx\/index.php?rest_route=\/wp\/v2\/posts\/81137","targetHints":{"allow":["GET"]}}],"collection":[{"href":"https:\/\/plataformanoticias.mx\/index.php?rest_route=\/wp\/v2\/posts"}],"about":[{"href":"https:\/\/plataformanoticias.mx\/index.php?rest_route=\/wp\/v2\/types\/post"}],"author":[{"embeddable":true,"href":"https:\/\/plataformanoticias.mx\/index.php?rest_route=\/wp\/v2\/users\/6"}],"replies":[{"embeddable":true,"href":"https:\/\/plataformanoticias.mx\/index.php?rest_route=%2Fwp%2Fv2%2Fcomments&post=81137"}],"version-history":[{"count":2,"href":"https:\/\/plataformanoticias.mx\/index.php?rest_route=\/wp\/v2\/posts\/81137\/revisions"}],"predecessor-version":[{"id":81141,"href":"https:\/\/plataformanoticias.mx\/index.php?rest_route=\/wp\/v2\/posts\/81137\/revisions\/81141"}],"wp:featuredmedia":[{"embeddable":true,"href":"https:\/\/plataformanoticias.mx\/index.php?rest_route=\/wp\/v2\/media\/81139"}],"wp:attachment":[{"href":"https:\/\/plataformanoticias.mx\/index.php?rest_route=%2Fwp%2Fv2%2Fmedia&parent=81137"}],"wp:term":[{"taxonomy":"category","embeddable":true,"href":"https:\/\/plataformanoticias.mx\/index.php?rest_route=%2Fwp%2Fv2%2Fcategories&post=81137"},{"taxonomy":"post_tag","embeddable":true,"href":"https:\/\/plataformanoticias.mx\/index.php?rest_route=%2Fwp%2Fv2%2Ftags&post=81137"}],"curies":[{"name":"wp","href":"https:\/\/api.w.org\/{rel}","templated":true}]}}