{"id":81142,"date":"2022-09-08T11:28:06","date_gmt":"2022-09-08T18:28:06","guid":{"rendered":"https:\/\/plataformanoticias.mx\/?p=81142"},"modified":"2022-09-08T11:28:08","modified_gmt":"2022-09-08T18:28:08","slug":"ahome-esta-comprometido-y-es-ejemplo-en-programas-de-atencion-oportuna-a-ninas-ninos-y-adolescentes-nuria-gonzalez","status":"publish","type":"post","link":"https:\/\/plataformanoticias.mx\/?p=81142","title":{"rendered":"\u201cAhome est\u00e1 comprometido y es ejemplo en programas de atenci\u00f3n oportuna a ni\u00f1as, ni\u00f1os y adolescentes\u201d: Nuria Gonz\u00e1lez."},"content":{"rendered":"\n<p><strong><em>*As\u00ed lo expres\u00f3 la titular de SIPINNA Sinaloa, durante reuni\u00f3n de\ntrabajo del Consejo Municipal de dicho organismo del Municipio de Ahome\u2026<\/em><\/strong><\/p>\n\n\n\n<p><strong>Los Mochis, Ahome, Sinaloa.- <\/strong>La Secretar\u00eda Ejecutiva del Sistema Integral para la Protecci\u00f3n de Ni\u00f1as Ni\u00f1os y Adolescentes (SIPINNA) del Estado de Sinaloa, resalt\u00f3 el buen trabajo que se est\u00e1 realizando en el Municipio de Ahome en estas acciones en beneficio de los menores en situaci\u00f3n de emergencia. <\/p>\n\n\n\n<p>As\u00ed lo expres\u00f3 la titular de dicha dependencia\nSIPINNA Sinaloa, Nuria Alejandra Gonz\u00e1lez, quien se reuni\u00f3 con el Consejo de\ndicho Sistema SIPINNA del Municipio de Ahome.<\/p>\n\n\n\n<p>\u201cEstoy encantada de que, verdaderamente se est\u00e1\ntrabajando. Lo hemos destacado, y es de mucho compromiso lo que estamos viendo,\nporque se est\u00e1 haciendo muy bien\u201d. <\/p>\n\n\n\n<p>La funcionaria estatal de SIPINNA subray\u00f3 que ve en Ahome un Consejo comprometido para hacer las cosas bien y que lo est\u00e1 logrado.<img loading=\"lazy\" decoding=\"async\" width=\"1024\" height=\"682\" class=\"wp-image-81145\" style=\"width: 650px\" src=\"https:\/\/plataformanoticias.mx\/wp-content\/uploads\/2022\/09\/d6e0685b-08e3-4d05-9692-99832bcff234.jpg\" alt=\"\" srcset=\"https:\/\/plataformanoticias.mx\/wp-content\/uploads\/2022\/09\/d6e0685b-08e3-4d05-9692-99832bcff234.jpg 1024w, https:\/\/plataformanoticias.mx\/wp-content\/uploads\/2022\/09\/d6e0685b-08e3-4d05-9692-99832bcff234-300x200.jpg 300w, https:\/\/plataformanoticias.mx\/wp-content\/uploads\/2022\/09\/d6e0685b-08e3-4d05-9692-99832bcff234-768x512.jpg 768w\" sizes=\"auto, (max-width: 1024px) 100vw, 1024px\" \/><\/p>\n\n\n\n<p>De igual forma se manifest\u00f3 la titular de SIPINNA\nAhome, Alejandra S\u00e1mano, quien agradeci\u00f3 el apoyo del Alcalde Gerardo Vargas\nLanderos y su esposa M\u00f3nica Torres de Vargas, Presidenta del Sistema para el\nDesarrollo Integral de la Familia DIF Ahome, para concretar estas acciones en\nfavor de las ni\u00f1as y los ni\u00f1os ahomenses.<\/p>\n\n\n\n<p>\u201cEs parte de un trabajo donde se pone coraz\u00f3n, amor\ny vocaci\u00f3n por delante, y una coordinaci\u00f3n transversal de dependencias para el\n\u00e9xito de estas acciones\u201d, dijo.<\/p>\n\n\n\n<p>La importancia es que los ni\u00f1os de 0 a 6 a\u00f1os tengan\ncubiertos sus prioritarios derechos como alimentaci\u00f3n, salud, educaci\u00f3n y otros\nen su primera infancia.<\/p>\n","protected":false},"excerpt":{"rendered":"<p>*As\u00ed lo expres\u00f3 la titular de SIPINNA Sinaloa, durante reuni\u00f3n de trabajo del Consejo Municipal de dicho organismo del Municipio de Ahome\u2026 Los Mochis, Ahome, Sinaloa.- La Secretar\u00eda Ejecutiva del Sistema Integral para la Protecci\u00f3n de Ni\u00f1as Ni\u00f1os y Adolescentes (SIPINNA) del Estado de Sinaloa, resalt\u00f3 el buen trabajo que se est\u00e1 realizando en el<\/p>\n","protected":false},"author":6,"featured_media":81144,"comment_status":"closed","ping_status":"closed","sticky":false,"template":"","format":"standard","meta":{"footnotes":""},"categories":[38],"tags":[],"class_list":["post-81142","post","type-post","status-publish","format-standard","has-post-thumbnail","hentry","category-locales"],"_links":{"self":[{"href":"https:\/\/plataformanoticias.mx\/index.php?rest_route=\/wp\/v2\/posts\/81142","targetHints":{"allow":["GET"]}}],"collection":[{"href":"https:\/\/plataformanoticias.mx\/index.php?rest_route=\/wp\/v2\/posts"}],"about":[{"href":"https:\/\/plataformanoticias.mx\/index.php?rest_route=\/wp\/v2\/types\/post"}],"author":[{"embeddable":true,"href":"https:\/\/plataformanoticias.mx\/index.php?rest_route=\/wp\/v2\/users\/6"}],"replies":[{"embeddable":true,"href":"https:\/\/plataformanoticias.mx\/index.php?rest_route=%2Fwp%2Fv2%2Fcomments&post=81142"}],"version-history":[{"count":1,"href":"https:\/\/plataformanoticias.mx\/index.php?rest_route=\/wp\/v2\/posts\/81142\/revisions"}],"predecessor-version":[{"id":81146,"href":"https:\/\/plataformanoticias.mx\/index.php?rest_route=\/wp\/v2\/posts\/81142\/revisions\/81146"}],"wp:featuredmedia":[{"embeddable":true,"href":"https:\/\/plataformanoticias.mx\/index.php?rest_route=\/wp\/v2\/media\/81144"}],"wp:attachment":[{"href":"https:\/\/plataformanoticias.mx\/index.php?rest_route=%2Fwp%2Fv2%2Fmedia&parent=81142"}],"wp:term":[{"taxonomy":"category","embeddable":true,"href":"https:\/\/plataformanoticias.mx\/index.php?rest_route=%2Fwp%2Fv2%2Fcategories&post=81142"},{"taxonomy":"post_tag","embeddable":true,"href":"https:\/\/plataformanoticias.mx\/index.php?rest_route=%2Fwp%2Fv2%2Ftags&post=81142"}],"curies":[{"name":"wp","href":"https:\/\/api.w.org\/{rel}","templated":true}]}}