{"id":81160,"date":"2022-09-08T14:47:22","date_gmt":"2022-09-08T21:47:22","guid":{"rendered":"https:\/\/plataformanoticias.mx\/?p=81160"},"modified":"2022-09-08T14:47:23","modified_gmt":"2022-09-08T21:47:23","slug":"se-reunen-sindicos-con-educacion-ahome-y-acuerdan-reuniones-en-cada-una-de-las-sindicaturas-para-trabajar-en-equipo","status":"publish","type":"post","link":"https:\/\/plataformanoticias.mx\/?p=81160","title":{"rendered":"Se re\u00fanen s\u00edndicos con Educaci\u00f3n Ahome y acuerdan reuniones en cada una de las sindicaturas para trabajar en equipo."},"content":{"rendered":"\n<p><strong><em>*<\/em><\/strong><strong><em>La idea es que, en equipo, se avance en la soluci\u00f3n de la problem\u00e1tica prioritaria que enfrenta<\/em><\/strong><strong><em>n el sector educativo<\/em><\/strong><strong><em>, explic\u00f3 Sixto Rosas\u2026<\/em><\/strong><\/p>\n\n\n\n<p><strong>Los Mochis,\u00a0Ahome, Sinaloa.-\u00a0<\/strong>Los s\u00edndicos municipales de Ahome\u00a0sostuvieron una reuni\u00f3n de trabajo con\u00a0el Director de Educaci\u00f3n del Ayuntamiento,\u00a0Prof. Sixto Rosas Hern\u00e1ndez, para revisar juntos los programas de\u00a0necesidades de los planteles educativos y\u00a0los de servicios que ofrece el Gobierno de Ahome como becas y est\u00edmulos, para avanzar en equipo en la soluci\u00f3n de los rezagos\u00a0que enfrentan.<\/p>\n\n\n\n<p>Como invitado,&nbsp;tuvieron al Jefe de los Servicios Regionales de la&nbsp;Secretar\u00eda de Educaci\u00f3n P\u00fablica y Cultura (SEPyC),&nbsp;de Sinaloa,&nbsp;en la Zona Norte, profesor Alejandro Brito, quien tom\u00f3 nota de los temas&nbsp;abordados,&nbsp;e hizo compromiso de que trabajar\u00e1 en unidad para el beneficio de la comunidad educativa del Municipio, es especial de la zona rural.<\/p>\n\n\n\n<p>En entrevista posterior a la reuni\u00f3n, el titular de Educaci\u00f3n de Ahome, Sixto Rosas, dijo que el principal acuerdo es que esta reuni\u00f3n de trabajo se replicar\u00e1 en cada una de las sindicaturas, con la presencia de la estructura directiva de las escuelas, para tener conocimiento de primera mano de sus necesidades,&nbsp;y juntos hacer un programa de prioridades a atender.<\/p>\n\n\n\n<p>\u201cTener puertas abiertas y atender a todos por igual con dignidad, es&nbsp;la instrucci\u00f3n del&nbsp;Alcalde&nbsp;Gerardo Vargas Landeros,&nbsp;en especial&nbsp;a la comunidad escolar&nbsp;de la zona rural&nbsp;de&nbsp;Ahome. Por eso queremos tener&nbsp;un&nbsp;contacto&nbsp;directo y estrecho&nbsp;con ellos,&nbsp;y como primer&nbsp;nivel de autoridad quehagamos&nbsp;equipo&nbsp;y&nbsp;vayamos en b\u00fasqueda de&nbsp;soluciones&nbsp;a susprioridades de&nbsp;manera conjunta que genera mejoresresultados\u201d.<\/p>\n\n\n\n<p>Explic\u00f3 que se va a desarrollar&nbsp;un&nbsp;esquema de&nbsp;participaci\u00f3n&nbsp;interinstitucional y de transversalidad para brindarles una mejor&nbsp;atenci\u00f3n, acercando&nbsp;el&nbsp;Gobierno&nbsp;al sector educativo y a la comunidad en general, para fortalecer&nbsp;y trabajar&nbsp;el trabajo en equipo.<\/p>\n\n\n\n<p>Los s\u00edndicos municipales&nbsp;Mar\u00eda de&nbsp;Jes\u00fas Castro&nbsp;Acosta, de la Central Ahome, y Jos\u00e9 Ram\u00f3n Ur\u00edas Verduzco, de Higuera de Zaragoza, agradecieron la invitaci\u00f3n a reunirse para trabajar en unidad en el tema de educaci\u00f3n.<\/p>\n\n\n\n<p>\u201cLo m\u00e1s importante&nbsp;es&nbsp;que tratamos&nbsp;temas&nbsp;de&nbsp;becas y otros&nbsp;apoyos&nbsp;que la Direcci\u00f3n de Educaci\u00f3n&nbsp;de Ahome&nbsp;brinda, para&nbsp;mejorar estos servicios, y que acordamos tener este tipo de reuniones en cada una de las sindicaturas con los directivos de las escuelas&nbsp;para&nbsp;apoyar lo&nbsp;m\u00e1s que se&nbsp;pueda\u201d, expresaron.<\/p>\n\n\n\n<p>\u201cSin duda llevamos muy buenas&nbsp;noticias para la comunidad, como la noticia de que el Alcalde Gerardo Vargas Landeros invitar\u00e1 a grupos de ni\u00f1os de comunidades rurales al cine en la ciudad de Los Mochis: se van a poner muy felices los elegidos\u201d, dijeron.<\/p>\n\n\n\n<p>Durante la reuni\u00f3n, los s\u00edndicos de Higuera de Zaragoza y de Heriberto Valdez Romero, El Guayabo, recibieron la reposici\u00f3n de Bandera de M\u00e9xico para la ceremonia c\u00edvica del 15 de Septiembre.<\/p>\n","protected":false},"excerpt":{"rendered":"<p>*La idea es que, en equipo, se avance en la soluci\u00f3n de la problem\u00e1tica prioritaria que enfrentan el sector educativo, explic\u00f3 Sixto Rosas\u2026 Los Mochis,\u00a0Ahome, Sinaloa.-\u00a0Los s\u00edndicos municipales de Ahome\u00a0sostuvieron una reuni\u00f3n de trabajo con\u00a0el Director de Educaci\u00f3n del Ayuntamiento,\u00a0Prof. Sixto Rosas Hern\u00e1ndez, para revisar juntos los programas de\u00a0necesidades de los planteles educativos y\u00a0los de<\/p>\n","protected":false},"author":6,"featured_media":81162,"comment_status":"closed","ping_status":"closed","sticky":false,"template":"","format":"standard","meta":{"footnotes":""},"categories":[38],"tags":[],"class_list":["post-81160","post","type-post","status-publish","format-standard","has-post-thumbnail","hentry","category-locales"],"_links":{"self":[{"href":"https:\/\/plataformanoticias.mx\/index.php?rest_route=\/wp\/v2\/posts\/81160","targetHints":{"allow":["GET"]}}],"collection":[{"href":"https:\/\/plataformanoticias.mx\/index.php?rest_route=\/wp\/v2\/posts"}],"about":[{"href":"https:\/\/plataformanoticias.mx\/index.php?rest_route=\/wp\/v2\/types\/post"}],"author":[{"embeddable":true,"href":"https:\/\/plataformanoticias.mx\/index.php?rest_route=\/wp\/v2\/users\/6"}],"replies":[{"embeddable":true,"href":"https:\/\/plataformanoticias.mx\/index.php?rest_route=%2Fwp%2Fv2%2Fcomments&post=81160"}],"version-history":[{"count":1,"href":"https:\/\/plataformanoticias.mx\/index.php?rest_route=\/wp\/v2\/posts\/81160\/revisions"}],"predecessor-version":[{"id":81163,"href":"https:\/\/plataformanoticias.mx\/index.php?rest_route=\/wp\/v2\/posts\/81160\/revisions\/81163"}],"wp:featuredmedia":[{"embeddable":true,"href":"https:\/\/plataformanoticias.mx\/index.php?rest_route=\/wp\/v2\/media\/81162"}],"wp:attachment":[{"href":"https:\/\/plataformanoticias.mx\/index.php?rest_route=%2Fwp%2Fv2%2Fmedia&parent=81160"}],"wp:term":[{"taxonomy":"category","embeddable":true,"href":"https:\/\/plataformanoticias.mx\/index.php?rest_route=%2Fwp%2Fv2%2Fcategories&post=81160"},{"taxonomy":"post_tag","embeddable":true,"href":"https:\/\/plataformanoticias.mx\/index.php?rest_route=%2Fwp%2Fv2%2Ftags&post=81160"}],"curies":[{"name":"wp","href":"https:\/\/api.w.org\/{rel}","templated":true}]}}