{"id":81164,"date":"2022-09-08T15:13:19","date_gmt":"2022-09-08T22:13:19","guid":{"rendered":"https:\/\/plataformanoticias.mx\/?p=81164"},"modified":"2022-09-08T15:13:20","modified_gmt":"2022-09-08T22:13:20","slug":"realizaran-cuadrangular-del-bienestar-para-apoyar-con-cirugias-a-33-ninos-que-padecen-cardiopatia-congenita","status":"publish","type":"post","link":"https:\/\/plataformanoticias.mx\/?p=81164","title":{"rendered":"Realizar\u00e1n \u201cCuadrangular del Bienestar\u201d para apoyar con cirug\u00edas a 33 ni\u00f1os que padecen cardiopat\u00eda cong\u00e9nita."},"content":{"rendered":"\n<p><strong><em>*<\/em><\/strong><strong><em>El P<\/em><\/strong><strong><em>residente Municipal&nbsp;<\/em><\/strong><strong><em>de Ahome, C.&nbsp;<\/em><\/strong><strong><em>Gerardo Vargas Landeros, detal<\/em><\/strong><strong><em>l\u00f3 que el Sistema DIF Municipal se har\u00e1 cargo de la intervenci\u00f3n de uno de los menores<\/em><\/strong><strong><em>\u2026<\/em><\/strong><\/p>\n\n\n\n<p><strong>Los Mochis, Ahome, Sinaloa.-<\/strong>Con la finalidad de recabar fondos\u00a0que\u00a0se utilizar\u00e1n para realizar cirug\u00edas de coraz\u00f3n a ni\u00f1as y ni\u00f1os sinaloenses con diagn\u00f3stico de\u00a0cardiopat\u00eda,\u00a0y que est\u00e1n en lista de espera en el Hospital Pedi\u00e1trico de Sinaloa\u00a0por no contar con los recursos suficientes para estas intervenciones, el Sistema DIF Sinaloa organiza\u00a0\u201cEl Cuadrangular del Bienestar\u201d.<\/p>\n\n\n\n<p>El anuncio se realiz\u00f3 en conferencia de\u00a0prensa\u00a0donde estuvo presente el Presidente Municipal de Ahome,\u00a0C.\u00a0Gerardo Octavio Vargas Landeros;\u00a0su esposa, la se\u00f1ora\u00a0M\u00f3nica Torres de Vargas,\u00a0Presidenta\u00a0del\u00a0Sistema DIF Ahome; la doctora Eneyda Rocha Ruiz, Presidenta\u00a0del Sistema DIF Sinaloa;\u00a0Joaqu\u00edn Vega Inzunza, Presidente del Club Ca\u00f1eros de Los Mochis,\u00a0entre otros funcionarios municipales y estatales.<\/p>\n\n\n\n<p><img loading=\"lazy\" decoding=\"async\" width=\"1559\" height=\"1040\" class=\"wp-image-81166\" style=\"width: 650px\" src=\"https:\/\/plataformanoticias.mx\/wp-content\/uploads\/2022\/09\/963F3FFE-2F22-4509-B019-86282FC611F0.jpeg\" alt=\"\" srcset=\"https:\/\/plataformanoticias.mx\/wp-content\/uploads\/2022\/09\/963F3FFE-2F22-4509-B019-86282FC611F0.jpeg 1559w, https:\/\/plataformanoticias.mx\/wp-content\/uploads\/2022\/09\/963F3FFE-2F22-4509-B019-86282FC611F0-300x200.jpeg 300w, https:\/\/plataformanoticias.mx\/wp-content\/uploads\/2022\/09\/963F3FFE-2F22-4509-B019-86282FC611F0-1024x683.jpeg 1024w, https:\/\/plataformanoticias.mx\/wp-content\/uploads\/2022\/09\/963F3FFE-2F22-4509-B019-86282FC611F0-768x512.jpeg 768w, https:\/\/plataformanoticias.mx\/wp-content\/uploads\/2022\/09\/963F3FFE-2F22-4509-B019-86282FC611F0-1536x1025.jpeg 1536w\" sizes=\"auto, (max-width: 1559px) 100vw, 1559px\" \/><\/p>\n\n\n\n<p>En su mensaje, el alcalde Gerardo Vargas Landeros se dijo contento de poder sumarse a este tipo de causas, donde se comprometi\u00f3 a que el DIF Municipal se har\u00eda cargo de uno de los 33 ni\u00f1os que est\u00e1n en lista de espera para una cirug\u00eda.<\/p>\n\n\n\n<p>\u201cOtra vez, como estamos acostumbrados los y las sinaloenses, y particularmente los ahomenses, a sacar la casta, ayudarle a la gente m\u00e1s desprotegida, cuando tenemos un tema de contingencia nosotros somos muy&nbsp;sensibles, somos muy&nbsp;apapachadores\u201d, expres\u00f3 Vargas Landeros.<\/p>\n\n\n\n<p>Agreg\u00f3 que se sumar\u00e1n dos puntos de venta para que la ciudadan\u00eda tenga la facilidad de adquirir su pulsera de ingreso al juego, siento estos: Sistema DIF Ahome, Palacio Municipal, oficinas del Instituto Municipal del Deporte en Ahome y&nbsp;CRII Los Mochis.<\/p>\n\n\n\n<p>Por su parte\u00a0Eneyda Rocha Ruiz, Presidenta del Sistema DIF Sinaloa, explic\u00f3 que\u00a0\u201cEl Cuadrangular del Bienestar\u201dconsiste en cuatro juegos de b\u00e9isbol, donde\u00a0participar\u00e1n\u00a0los equipos de\u00a0Venados de Mazatl\u00e1n,\u00a0Tomateros de Culiac\u00e1n, Ca\u00f1eros de Los Mochis\u00a0y\u00a0Algodoneros de Guasave.<\/p>\n\n\n\n<p><img loading=\"lazy\" decoding=\"async\" width=\"1443\" height=\"962\" class=\"wp-image-81167\" style=\"width: 650px\" src=\"https:\/\/plataformanoticias.mx\/wp-content\/uploads\/2022\/09\/BBC1EDC5-FD74-4582-A64F-822F069B5A15.jpeg\" alt=\"\" srcset=\"https:\/\/plataformanoticias.mx\/wp-content\/uploads\/2022\/09\/BBC1EDC5-FD74-4582-A64F-822F069B5A15.jpeg 1443w, https:\/\/plataformanoticias.mx\/wp-content\/uploads\/2022\/09\/BBC1EDC5-FD74-4582-A64F-822F069B5A15-300x200.jpeg 300w, https:\/\/plataformanoticias.mx\/wp-content\/uploads\/2022\/09\/BBC1EDC5-FD74-4582-A64F-822F069B5A15-1024x683.jpeg 1024w, https:\/\/plataformanoticias.mx\/wp-content\/uploads\/2022\/09\/BBC1EDC5-FD74-4582-A64F-822F069B5A15-768x512.jpeg 768w\" sizes=\"auto, (max-width: 1443px) 100vw, 1443px\" \/><\/p>\n\n\n\n<p>\u201cSon cuatro juegos con causa en los que est\u00e1n participando los cuatro equipos de b\u00e9isbol de nuestro estado, Mazatl\u00e1n Culiac\u00e1n, Mochis y Guasave\u201d, inform\u00f3&nbsp;Rocha Ruiz.<\/p>\n\n\n\n<p>Detall\u00f3 que en el caso de Los Mochis el juego se realizar\u00e1 el pr\u00f3ximo&nbsp;8 de octubre, a&nbsp;las 18:00 horas, en el&nbsp;Estadio Emilio Ibarra Almada, y para asistir se tiene que comprar una pulsera con un costo de 100 pesos, las cuales se pueden adquirir en Sistema DIF Ahome, Palacio Municipal, oficinas del Instituto Municipal del Deporte en Ahome y&nbsp;CRII Los Mochis.<\/p>\n\n\n\n<p>En cuanto a la capacidad del lugar, dijo que el estadio de Los Mochis puede albergar hasta 11 mil aficionados, con lo que, junto con los otros tres estadios, se podr\u00eda tener un total de 55 mil personas.<\/p>\n\n\n\n<p>Joaqu\u00edn Vega Inzunza, Presidente del Club Ca\u00f1eros de Los Mochis, quien se dijo contento de poder aportar su granito de arena para esta causa, explic\u00f3 que, tanto Ca\u00f1eros como Algodoneros, jugar\u00e1n con los equipos titulares.<\/p>\n","protected":false},"excerpt":{"rendered":"<p>*El Presidente Municipal&nbsp;de Ahome, C.&nbsp;Gerardo Vargas Landeros, detall\u00f3 que el Sistema DIF Municipal se har\u00e1 cargo de la intervenci\u00f3n de uno de los menores\u2026 Los Mochis, Ahome, Sinaloa.-Con la finalidad de recabar fondos\u00a0que\u00a0se utilizar\u00e1n para realizar cirug\u00edas de coraz\u00f3n a ni\u00f1as y ni\u00f1os sinaloenses con diagn\u00f3stico de\u00a0cardiopat\u00eda,\u00a0y que est\u00e1n en lista de espera en el<\/p>\n","protected":false},"author":6,"featured_media":81168,"comment_status":"closed","ping_status":"closed","sticky":false,"template":"","format":"standard","meta":{"footnotes":""},"categories":[38],"tags":[],"class_list":["post-81164","post","type-post","status-publish","format-standard","has-post-thumbnail","hentry","category-locales"],"_links":{"self":[{"href":"https:\/\/plataformanoticias.mx\/index.php?rest_route=\/wp\/v2\/posts\/81164","targetHints":{"allow":["GET"]}}],"collection":[{"href":"https:\/\/plataformanoticias.mx\/index.php?rest_route=\/wp\/v2\/posts"}],"about":[{"href":"https:\/\/plataformanoticias.mx\/index.php?rest_route=\/wp\/v2\/types\/post"}],"author":[{"embeddable":true,"href":"https:\/\/plataformanoticias.mx\/index.php?rest_route=\/wp\/v2\/users\/6"}],"replies":[{"embeddable":true,"href":"https:\/\/plataformanoticias.mx\/index.php?rest_route=%2Fwp%2Fv2%2Fcomments&post=81164"}],"version-history":[{"count":1,"href":"https:\/\/plataformanoticias.mx\/index.php?rest_route=\/wp\/v2\/posts\/81164\/revisions"}],"predecessor-version":[{"id":81169,"href":"https:\/\/plataformanoticias.mx\/index.php?rest_route=\/wp\/v2\/posts\/81164\/revisions\/81169"}],"wp:featuredmedia":[{"embeddable":true,"href":"https:\/\/plataformanoticias.mx\/index.php?rest_route=\/wp\/v2\/media\/81168"}],"wp:attachment":[{"href":"https:\/\/plataformanoticias.mx\/index.php?rest_route=%2Fwp%2Fv2%2Fmedia&parent=81164"}],"wp:term":[{"taxonomy":"category","embeddable":true,"href":"https:\/\/plataformanoticias.mx\/index.php?rest_route=%2Fwp%2Fv2%2Fcategories&post=81164"},{"taxonomy":"post_tag","embeddable":true,"href":"https:\/\/plataformanoticias.mx\/index.php?rest_route=%2Fwp%2Fv2%2Ftags&post=81164"}],"curies":[{"name":"wp","href":"https:\/\/api.w.org\/{rel}","templated":true}]}}