{"id":81198,"date":"2022-09-09T12:49:04","date_gmt":"2022-09-09T19:49:04","guid":{"rendered":"https:\/\/plataformanoticias.mx\/?p=81198"},"modified":"2022-09-09T12:49:06","modified_gmt":"2022-09-09T19:49:06","slug":"ayuntamiento-de-ahome-entrega-25-sillas-activas-para-deporte-y-movilidad","status":"publish","type":"post","link":"https:\/\/plataformanoticias.mx\/?p=81198","title":{"rendered":"Ayuntamiento de Ahome entrega 25 sillas activas para deporte y movilidad."},"content":{"rendered":"\n<p><strong><em>*<\/em><\/strong><strong><em>Los apoyos llegaron a trav\u00e9s de la fundaci\u00f3n internacional Joni &amp; Friends y estos fueron destinados al padr\u00f3n de beneficiarios del&nbsp;<\/em><\/strong><strong><em>IMDIS<\/em><\/strong><strong><em>\u2026<\/em><\/strong><\/p>\n\n\n\n<p><strong>Los Mochis, Ahome, Sinaloa.-<\/strong>El Instituto para la Inclusi\u00f3n y Desarrollo de las Personas con Discapacidad del Municipio de Ahome (IMDIS), en coordinaci\u00f3n con la Iglesia Bautista Horeb, quien tiene el apoyo de la fundaci\u00f3n internacional\u00a0Joni\u00a0&amp;\u00a0Friends, realiz\u00f3 la entrega de 25 sillas activas para\u00a0deporte y movilidad.<\/p>\n\n\n\n<p>En el evento, el cual tuvo lugar en la biblioteca p\u00fablica Jos\u00e9 Mar\u00eda Morelos y Pav\u00f3n de esta ciudad, estuvieron presentes&nbsp;Claudia Canto Hern\u00e1ndez, Secretaria de Bienestar, quien acudi\u00f3 en representaci\u00f3n del Presidente Municipal de Ahome, C. Gerardo Octavio Vargas Landeros;&nbsp;Carlos Mart\u00edn Valenzuela Navarro,&nbsp;Director General del IMDIS;&nbsp;Luis Pablo Urcisichi Osuna, Director de Salud Municipal; el pastor&nbsp;Julio&nbsp;C\u00e9sar Espinoza,&nbsp;Coordinador de la Iglesia Bautista Horeb;&nbsp;Guadalupe Camacho Torres, Enlace&nbsp;de&nbsp;Vinculaci\u00f3n&nbsp;Institucional de la Secretar\u00eda del Ayuntamiento de Ahome; y&nbsp;Alejandro&nbsp;\u00c1lvarez,&nbsp;Director de la Red de Bibliotecas P\u00fablica.<\/p>\n\n\n\n<p>Carlos Mart\u00edn Valenzuela explic\u00f3 que los aparatos funcionales que fueron entregados a trav\u00e9s de la fundaci\u00f3n Joni&nbsp;&amp;&nbsp;Friends, son de manera gratuita, mismos que fueron destinados para el&nbsp;padr\u00f3n de beneficiaros&nbsp;del IMDIS.<\/p>\n\n\n\n<p>\u201cTenemos la posibilidad de ser instrumentos y acercar, a trav\u00e9s de esta fundaci\u00f3n&nbsp;Joni&nbsp;&amp;&nbsp;Friends, y de su mariscal, de su coordinador en M\u00e9xico, el pastor Julio C\u00e9sar Espinoza, un gran ser humano que est\u00e1 poniendo a disposici\u00f3n los aparatos ortop\u00e9dicos, para que los llevemos a los hogares y a las familias que m\u00e1s lo necesitan\u201d, expres\u00f3 el Director del IMDIS.<\/p>\n\n\n\n<p>Detall\u00f3 que estos aparatos funcionales tienen\u00a0un valor de entre 15 a 40 mil pesos cada uno,\u00a0y estos\u00a0fueron\u00a0entregados\u00a0de manera gratuita\u00a0y se trata de 12 sillas activas deportivas, 10 sillas regulares y 3 sillas especiales.<\/p>\n\n\n\n<p><img loading=\"lazy\" decoding=\"async\" width=\"1280\" height=\"853\" class=\"wp-image-81200\" style=\"width: 650px\" src=\"https:\/\/plataformanoticias.mx\/wp-content\/uploads\/2022\/09\/9CB91BB0-4FF1-425E-A3CD-22528AB7E2D4.jpeg\" alt=\"\" srcset=\"https:\/\/plataformanoticias.mx\/wp-content\/uploads\/2022\/09\/9CB91BB0-4FF1-425E-A3CD-22528AB7E2D4.jpeg 1280w, https:\/\/plataformanoticias.mx\/wp-content\/uploads\/2022\/09\/9CB91BB0-4FF1-425E-A3CD-22528AB7E2D4-300x200.jpeg 300w, https:\/\/plataformanoticias.mx\/wp-content\/uploads\/2022\/09\/9CB91BB0-4FF1-425E-A3CD-22528AB7E2D4-1024x682.jpeg 1024w, https:\/\/plataformanoticias.mx\/wp-content\/uploads\/2022\/09\/9CB91BB0-4FF1-425E-A3CD-22528AB7E2D4-768x512.jpeg 768w\" sizes=\"auto, (max-width: 1280px) 100vw, 1280px\" \/><\/p>\n\n\n\n<p>Por su parte el pastor&nbsp;Julio&nbsp;C\u00e9sar Espinoza,&nbsp;Coordinador de la Iglesia Bautista Horeb,&nbsp;se dijo muy contento de poder traer estos apoyos al municipio, y explic\u00f3 que tiene 11 a\u00f1os entregando aparatos funcionales en el estado de Sinaloa, deseando regresar a Ahome, lo que podr\u00eda ocurrir en el pr\u00f3ximo invierno, entre noviembre y diciembre, ya que llegue un tr\u00e1iler con beneficios para la poblaci\u00f3n m\u00e1s necesitada.<\/p>\n\n\n\n<p>Christian&nbsp;Agustina, uno de los beneficiados, se&nbsp;mostr\u00f3&nbsp;contento por la silla que le entregaron ya que todos los d\u00edas sale a trabajar y le es de mucha utilidad por el uso continuo que les da.<\/p>\n\n\n\n<p>Cabe mencionar que junto con los aparatos funcionales, las personas tambi\u00e9n recibieron un libro de Joni &amp; Friends y una biblia.<\/p>\n","protected":false},"excerpt":{"rendered":"<p>*Los apoyos llegaron a trav\u00e9s de la fundaci\u00f3n internacional Joni &amp; Friends y estos fueron destinados al padr\u00f3n de beneficiarios del&nbsp;IMDIS\u2026 Los Mochis, Ahome, Sinaloa.-El Instituto para la Inclusi\u00f3n y Desarrollo de las Personas con Discapacidad del Municipio de Ahome (IMDIS), en coordinaci\u00f3n con la Iglesia Bautista Horeb, quien tiene el apoyo de la fundaci\u00f3n<\/p>\n","protected":false},"author":6,"featured_media":81201,"comment_status":"closed","ping_status":"closed","sticky":false,"template":"","format":"standard","meta":{"footnotes":""},"categories":[38],"tags":[],"class_list":["post-81198","post","type-post","status-publish","format-standard","has-post-thumbnail","hentry","category-locales"],"_links":{"self":[{"href":"https:\/\/plataformanoticias.mx\/index.php?rest_route=\/wp\/v2\/posts\/81198","targetHints":{"allow":["GET"]}}],"collection":[{"href":"https:\/\/plataformanoticias.mx\/index.php?rest_route=\/wp\/v2\/posts"}],"about":[{"href":"https:\/\/plataformanoticias.mx\/index.php?rest_route=\/wp\/v2\/types\/post"}],"author":[{"embeddable":true,"href":"https:\/\/plataformanoticias.mx\/index.php?rest_route=\/wp\/v2\/users\/6"}],"replies":[{"embeddable":true,"href":"https:\/\/plataformanoticias.mx\/index.php?rest_route=%2Fwp%2Fv2%2Fcomments&post=81198"}],"version-history":[{"count":1,"href":"https:\/\/plataformanoticias.mx\/index.php?rest_route=\/wp\/v2\/posts\/81198\/revisions"}],"predecessor-version":[{"id":81202,"href":"https:\/\/plataformanoticias.mx\/index.php?rest_route=\/wp\/v2\/posts\/81198\/revisions\/81202"}],"wp:featuredmedia":[{"embeddable":true,"href":"https:\/\/plataformanoticias.mx\/index.php?rest_route=\/wp\/v2\/media\/81201"}],"wp:attachment":[{"href":"https:\/\/plataformanoticias.mx\/index.php?rest_route=%2Fwp%2Fv2%2Fmedia&parent=81198"}],"wp:term":[{"taxonomy":"category","embeddable":true,"href":"https:\/\/plataformanoticias.mx\/index.php?rest_route=%2Fwp%2Fv2%2Fcategories&post=81198"},{"taxonomy":"post_tag","embeddable":true,"href":"https:\/\/plataformanoticias.mx\/index.php?rest_route=%2Fwp%2Fv2%2Ftags&post=81198"}],"curies":[{"name":"wp","href":"https:\/\/api.w.org\/{rel}","templated":true}]}}