{"id":81203,"date":"2022-09-09T14:08:55","date_gmt":"2022-09-09T21:08:55","guid":{"rendered":"https:\/\/plataformanoticias.mx\/?p=81203"},"modified":"2022-09-09T14:08:56","modified_gmt":"2022-09-09T21:08:56","slug":"cobaes-festeja-su-cumpleanos-41-con-concierto-de-la-ossla","status":"publish","type":"post","link":"https:\/\/plataformanoticias.mx\/?p=81203","title":{"rendered":"COBAES festeja su cumplea\u00f1os 41 con concierto de la OSSLA"},"content":{"rendered":"\n<p><\/p>\n\n\n\n<p>\u2022 La comunidad educativa llena en su totalidad el Teatro Pablo de Villavicencio del Instituto Sinaloense de Cultura (ISIC) y disfruta bellas melod\u00edas.<\/p>\n\n\n\n<p>Culiac\u00e1n, Sinaloa. \u2013 El Colegio de Bachilleres del Estado de Sinaloa (COBAES) festej\u00f3 su 41 aniversario con un concierto de la Orquesta Sinf\u00f3nica Sinaloa de las Artes (OSSLA), donde el director general Santiago Inzunza C\u00e1zares se comprometi\u00f3 a mantener la herencia acad\u00e9mica y cultural que han legado las pasadas generaciones de cobaenses, adem\u00e1s de acrecentarla cada vez m\u00e1s.<\/p>\n\n\n\n<p>El director de COBAES agreg\u00f3 a\u00fan a lo anterior un aspecto que se sumar\u00e1 es el desarrollo tecnol\u00f3gico y digitalizaci\u00f3n de procesos, as\u00ed como los logros alcanzados en materia de reconocimiento a su personal docente y administrativo; contamos para ello con el apoyo decidido del gobernador de Sinaloa, Rub\u00e9n Rocha Moya.<\/p>\n\n\n\n<p>\u201cEn su \u00e9poca actual, Cobaes se prepara para hacer realidad en Sinaloa los postulados de la Nueva Escuela Mexicana, enfoque educativo con esencia humanista que se propone en el marco de la Cuarta Transformaci\u00f3n que enarbola nuestro presidente Andr\u00e9s Manuel L\u00f3pez Obrador\u201d, puntualiz\u00f3. <\/p>\n\n\n\n<p>Inzunza C\u00e1zares record\u00f3 que desde su creaci\u00f3n el 9 de septiembre de 1981, el Colegio de Bachilleres del Estado de Sinaloa aparece sobre la firmeza de un doble esquema: por un lado, como escuelas gratuitas de educaci\u00f3n media superior y, por otro, como opci\u00f3n de formaci\u00f3n integral para sus estudiantes, contemplando los \u00e1mbitos acad\u00e9mico, cultural y deportivo.<\/p>\n\n\n\n<p>\u201cAmbos principios logran su m\u00e1xima consolidaci\u00f3n bajo el esfuerzo y superaci\u00f3n de un cuerpo magisterial, directivo y administrativo enfocado en la preparaci\u00f3n de estudiantes con conocimientos s\u00f3lidos en las disciplinas del plan de estudios, complementada con una formaci\u00f3n cultural, con sentido \u00e9tico y responsabilidad social. Dicho prop\u00f3sito sigue vigente por 41 a\u00f1os, se ve reflejado en tres grandes aportaciones que esta instituci\u00f3n educativa brinda a la sociedad sinaloense\u201d.<img loading=\"lazy\" decoding=\"async\" width=\"1599\" height=\"1066\" class=\"wp-image-81205\" style=\"width: 650px\" src=\"https:\/\/plataformanoticias.mx\/wp-content\/uploads\/2022\/09\/4CEECC43-6629-4BD1-A00B-F1B5499A9723.jpeg\" alt=\"\" srcset=\"https:\/\/plataformanoticias.mx\/wp-content\/uploads\/2022\/09\/4CEECC43-6629-4BD1-A00B-F1B5499A9723.jpeg 1599w, https:\/\/plataformanoticias.mx\/wp-content\/uploads\/2022\/09\/4CEECC43-6629-4BD1-A00B-F1B5499A9723-300x200.jpeg 300w, https:\/\/plataformanoticias.mx\/wp-content\/uploads\/2022\/09\/4CEECC43-6629-4BD1-A00B-F1B5499A9723-1024x683.jpeg 1024w, https:\/\/plataformanoticias.mx\/wp-content\/uploads\/2022\/09\/4CEECC43-6629-4BD1-A00B-F1B5499A9723-768x512.jpeg 768w, https:\/\/plataformanoticias.mx\/wp-content\/uploads\/2022\/09\/4CEECC43-6629-4BD1-A00B-F1B5499A9723-1536x1024.jpeg 1536w\" sizes=\"auto, (max-width: 1599px) 100vw, 1599px\" \/><\/p>\n\n\n\n<p>Por su parte, el subsecretario de Educaci\u00f3n Media Superior de Sinaloa, Rodrigo L\u00f3pez Zavala, quien asisti\u00f3 en representaci\u00f3n de la secretaria de Educaci\u00f3n P\u00fablica, Graciela Dom\u00ednguez Nava, destac\u00f3 que el colegio de bachilleres fue una de las instituciones que menos abandono escolar present\u00f3 durante la pandemia, lo cual se logr\u00f3 gracias al trabajo en conjunto que realizaron directores, maestros, padres de familia y alumnos.  <\/p>\n\n\n\n<p>Efectuado en el Teatro Pablo de Villavicencio del ISIC, al evento asistieron alumnos, docentes y directores de diversos planteles, as\u00ed como autoridades y personal administrativo del COBAES, quienes llenaron en su totalidad este recinto cuya capacidad es de mil personas, donde disfrutaron exquisitas piezas musicales interpretadas por la OSSLA, tales como Danz\u00f3n no. 5 de Arturo M\u00e1rquez; Urbano de Marcela Rodr\u00edguez; y la Sinfon\u00eda no.5 de Beethoven.<\/p>\n\n\n\n<p>Aunada a esta celebraci\u00f3n, por la tarde se llevar\u00e1 a cabo Exposici\u00f3n Fotogr\u00e1fica \u201c41 a\u00f1os de educar para la transformaci\u00f3n de Sinaloa\u201d, misma que ser\u00e1 inaugurada en punto de las 19:00 horas en el Centro Cultural del Bachiller Rosales, ubicado en calle Rosales 546 ote., seguida de una velada art\u00edstica, con la cual, culminar\u00e1 este d\u00eda festivo.<\/p>\n","protected":false},"excerpt":{"rendered":"<p>\u2022 La comunidad educativa llena en su totalidad el Teatro Pablo de Villavicencio del Instituto Sinaloense de Cultura (ISIC) y disfruta bellas melod\u00edas. Culiac\u00e1n, Sinaloa. \u2013 El Colegio de Bachilleres del Estado de Sinaloa (COBAES) festej\u00f3 su 41 aniversario con un concierto de la Orquesta Sinf\u00f3nica Sinaloa de las Artes (OSSLA), donde el director general<\/p>\n","protected":false},"author":6,"featured_media":81206,"comment_status":"closed","ping_status":"closed","sticky":false,"template":"","format":"standard","meta":{"footnotes":""},"categories":[28],"tags":[],"class_list":["post-81203","post","type-post","status-publish","format-standard","has-post-thumbnail","hentry","category-centro"],"_links":{"self":[{"href":"https:\/\/plataformanoticias.mx\/index.php?rest_route=\/wp\/v2\/posts\/81203","targetHints":{"allow":["GET"]}}],"collection":[{"href":"https:\/\/plataformanoticias.mx\/index.php?rest_route=\/wp\/v2\/posts"}],"about":[{"href":"https:\/\/plataformanoticias.mx\/index.php?rest_route=\/wp\/v2\/types\/post"}],"author":[{"embeddable":true,"href":"https:\/\/plataformanoticias.mx\/index.php?rest_route=\/wp\/v2\/users\/6"}],"replies":[{"embeddable":true,"href":"https:\/\/plataformanoticias.mx\/index.php?rest_route=%2Fwp%2Fv2%2Fcomments&post=81203"}],"version-history":[{"count":1,"href":"https:\/\/plataformanoticias.mx\/index.php?rest_route=\/wp\/v2\/posts\/81203\/revisions"}],"predecessor-version":[{"id":81207,"href":"https:\/\/plataformanoticias.mx\/index.php?rest_route=\/wp\/v2\/posts\/81203\/revisions\/81207"}],"wp:featuredmedia":[{"embeddable":true,"href":"https:\/\/plataformanoticias.mx\/index.php?rest_route=\/wp\/v2\/media\/81206"}],"wp:attachment":[{"href":"https:\/\/plataformanoticias.mx\/index.php?rest_route=%2Fwp%2Fv2%2Fmedia&parent=81203"}],"wp:term":[{"taxonomy":"category","embeddable":true,"href":"https:\/\/plataformanoticias.mx\/index.php?rest_route=%2Fwp%2Fv2%2Fcategories&post=81203"},{"taxonomy":"post_tag","embeddable":true,"href":"https:\/\/plataformanoticias.mx\/index.php?rest_route=%2Fwp%2Fv2%2Ftags&post=81203"}],"curies":[{"name":"wp","href":"https:\/\/api.w.org\/{rel}","templated":true}]}}