{"id":81208,"date":"2022-09-09T14:11:06","date_gmt":"2022-09-09T21:11:06","guid":{"rendered":"https:\/\/plataformanoticias.mx\/?p=81208"},"modified":"2022-09-09T14:11:06","modified_gmt":"2022-09-09T21:11:06","slug":"aprueba-cabildo-programa-de-descuentos-en-pago-de-impuestos-municipales-del-12-al-15-de-septiembre-del-2022","status":"publish","type":"post","link":"https:\/\/plataformanoticias.mx\/?p=81208","title":{"rendered":"Aprueba cabildo programa de descuentos en pago de impuestos municipales del 12 al 15 de septiembre del 2022."},"content":{"rendered":"\n<p><strong><em>*<\/em><\/strong><strong><em>Tambi\u00e9n declara Recinto Oficial la explanada de Palacio Municipal para la ceremonia de entrega del Primer Informe de Gobierno del Alcalde Gerardo Octavio Vargas Landeros\u2026<\/em><\/strong><\/p>\n\n\n\n<p><strong>Los Mochis,\u00a0Ahome, Sinaloa.-\u00a0<\/strong>El\u00a0H. Cuerpo de Regidores aprob\u00f3 en sesi\u00f3n de cabildo un programa de descuentos en el pago de impuestos municipales de hasta el 100% en multas y recargos durante los d\u00edas del 12 al 15 de Septiembre del presente a\u00f1o.<\/p>\n\n\n\n<p>La informaci\u00f3n se\u00f1ala que la&nbsp;solicitud del&nbsp;Director&nbsp;de&nbsp;Ingresos,&nbsp;Juan&nbsp;Antonio&nbsp;Garibaldi&nbsp;Hern\u00e1ndez, para llevar a cabo&nbsp;dicho Programa de&nbsp;Descuentos en&nbsp;Multas y&nbsp;Recargos,es en&nbsp;la forma siguiente:<\/p>\n\n\n\n<p>Del 12 al 15 de&nbsp;Septiembre de este a\u00f1o 2022, otorgar descuentos&nbsp;de hasta el&nbsp;100% en multas y recargos al&nbsp;Impuesto&nbsp;Predial&nbsp;Urbano y&nbsp;Predial&nbsp;R\u00fastico;&nbsp;100% de descuento en multas y recargos del&nbsp;Impuesto&nbsp;Sobre&nbsp;Adquisici\u00f3n de&nbsp;Bienes&nbsp;Inmuebles;&nbsp;100% de descuento en multas y recargos por uso de local en mercados municipales, comercio en v\u00eda p\u00fablica y anuncios publicitarios (en este caso&nbsp;no se incluyen&nbsp;las revalidaciones de alcoholes;&nbsp;60% de descuento en multas de&nbsp;Tr\u00e1nsito, excepto las que involucren uso de alcohol, certificados m\u00e9dicos y aquellas que atenten contra los derechos exclusivos de personas con alguna discapacidad.<\/p>\n\n\n\n<p>Durante la sesi\u00f3n, que se transmiti\u00f3 en vivo a trav\u00e9s de los sitos oficiales de internet Alcald\u00eda de Ahome, se&nbsp;tom\u00f3 el punto de&nbsp;acuerdo para declarar&nbsp;Recinto&nbsp;Oficial la&nbsp;Explanada de&nbsp;Palacio&nbsp;Municipal, a efecto de que el ciudadano&nbsp;Presidente&nbsp;Municipal&nbsp;Gerardo&nbsp;Octavio&nbsp;Vargas&nbsp;Landeros, haga entrega de su&nbsp;Primer&nbsp;Informe de&nbsp;Gobierno, respecto al estado que guarda la&nbsp;Administraci\u00f3n&nbsp;P\u00fablica&nbsp;MunicipalAhome 2021-2024.<\/p>\n\n\n\n<p>De igual forma\u00a0se vot\u00f3 a favor la solicitud del\u00a0Congreso del\u00a0Estado de\u00a0Sinaloa,\u00a0para\u00a0reformar\u00a0la fracci\u00f3n\u00a0IV\u00a0del\u00a0Art\u00edculo 4\u00b0\u00a0Bis\u00a0B;\u00a0el segundo p\u00e1rrafo de la fracci\u00f3n\u00a0II\u00a0y la fracci\u00f3n\u00a0IIIdel\u00a0Art\u00edculo 115; y se adiciona una fracci\u00f3n\u00a0V\u00a0al\u00a0Art\u00edculo 25; las fracciones\u00a0VIII\u00a0y\u00a0IX,\u00a0y un segundo p\u00e1rrafo al\u00a0Art\u00edculo 56, y una fracci\u00f3n\u00a0IV\u00a0al art\u00edculo 115, de la\u00a0Constituci\u00f3n\u00a0Pol\u00edtica del\u00a0Estado de\u00a0Sinaloa,\u00a0que trata sobre el tema de que los aspirantes a puestos de\u00a0elecci\u00f3n popular no deben tener registros de violencia de g\u00e9nero ni\u00a0de\u00a0familia,\u00a0y no tener\u00a0demanda de\u00a0adeudo alimentario.<img loading=\"lazy\" decoding=\"async\" width=\"1599\" height=\"1066\" class=\"wp-image-81210\" style=\"width: 650px\" src=\"https:\/\/plataformanoticias.mx\/wp-content\/uploads\/2022\/09\/797F4778-6A99-467F-B544-59FAB1AA467F.jpeg\" alt=\"\" srcset=\"https:\/\/plataformanoticias.mx\/wp-content\/uploads\/2022\/09\/797F4778-6A99-467F-B544-59FAB1AA467F.jpeg 1599w, https:\/\/plataformanoticias.mx\/wp-content\/uploads\/2022\/09\/797F4778-6A99-467F-B544-59FAB1AA467F-300x200.jpeg 300w, https:\/\/plataformanoticias.mx\/wp-content\/uploads\/2022\/09\/797F4778-6A99-467F-B544-59FAB1AA467F-1024x683.jpeg 1024w, https:\/\/plataformanoticias.mx\/wp-content\/uploads\/2022\/09\/797F4778-6A99-467F-B544-59FAB1AA467F-768x512.jpeg 768w, https:\/\/plataformanoticias.mx\/wp-content\/uploads\/2022\/09\/797F4778-6A99-467F-B544-59FAB1AA467F-1536x1024.jpeg 1536w\" sizes=\"auto, (max-width: 1599px) 100vw, 1599px\" \/><\/p>\n\n\n\n<p>Los ediles ahomenses tambi\u00e9n&nbsp;aprobaron el&nbsp;dictamen de la comisi\u00f3n de&nbsp;Urbanismo,&nbsp;Ecolog\u00eda y&nbsp;Obras&nbsp;P\u00fablicas, relativo a la autorizaci\u00f3n al&nbsp;Municipio de&nbsp;Ahome, para recibir de&nbsp;Desarrollos&nbsp;Inmobiliarios&nbsp;Puerta de&nbsp;Hierro&nbsp;S.A. de&nbsp;C.V., cinco predios fuera del fraccionamiento,&nbsp;como \u00e1reas de donaci\u00f3n en relaci\u00f3n con el fraccionamiento&nbsp;Portal de&nbsp;Hierro,&nbsp;<\/p>\n\n\n\n<p>Tambi\u00e9n se&nbsp;autoriz\u00f3 por parte de&nbsp;la comisi\u00f3n de&nbsp;Hacienda, otorgar concesi\u00f3n al ciudadano&nbsp;Humberto&nbsp;Gastelum&nbsp;L\u00f3pez,para la prestaci\u00f3n del servicio de pensi\u00f3n vehicular, en un predio ubicado por la carretera&nbsp;Mochis-Topolobampo.<\/p>\n\n\n\n<p>Otro punto es el relativo a la&nbsp;solicitud del ciudadano Fortunato&nbsp;L\u00f3pez&nbsp;Valenzuela,&nbsp;representante del&nbsp;Patronato&nbsp;Pro&nbsp;Festejos&nbsp;Fundacionales de&nbsp;San&nbsp;Miguel&nbsp;Zapotitl\u00e1n, relativa a que se instituya por&nbsp;Cabildo, el&nbsp;Festival&nbsp;Cultural \u201cMi&nbsp;Pueblito&nbsp;San&nbsp;Miguel&nbsp;Zapotitl\u00e1n\u201d, a realizarse del 22 de septiembre al 30 de septiembre de cada a\u00f1o.<\/p>\n\n\n\n<p>La sesi\u00f3n fue presidida por el&nbsp;Secretario&nbsp;del Ayuntamiento Genaro Garc\u00eda Castro en su car\u00e1cter de Presidente Municipal, por Ministerio de Ley y el Director de Inspecci\u00f3n y Normatividad Enrique L\u00f3pez Miranda, encargado de&nbsp;la&nbsp;Secretar\u00eda del Ayuntamiento para esta sesi\u00f3n ordinaria.<\/p>\n","protected":false},"excerpt":{"rendered":"<p>*Tambi\u00e9n declara Recinto Oficial la explanada de Palacio Municipal para la ceremonia de entrega del Primer Informe de Gobierno del Alcalde Gerardo Octavio Vargas Landeros\u2026 Los Mochis,\u00a0Ahome, Sinaloa.-\u00a0El\u00a0H. Cuerpo de Regidores aprob\u00f3 en sesi\u00f3n de cabildo un programa de descuentos en el pago de impuestos municipales de hasta el 100% en multas y recargos durante<\/p>\n","protected":false},"author":6,"featured_media":81211,"comment_status":"closed","ping_status":"closed","sticky":false,"template":"","format":"standard","meta":{"footnotes":""},"categories":[38],"tags":[],"class_list":["post-81208","post","type-post","status-publish","format-standard","has-post-thumbnail","hentry","category-locales"],"_links":{"self":[{"href":"https:\/\/plataformanoticias.mx\/index.php?rest_route=\/wp\/v2\/posts\/81208","targetHints":{"allow":["GET"]}}],"collection":[{"href":"https:\/\/plataformanoticias.mx\/index.php?rest_route=\/wp\/v2\/posts"}],"about":[{"href":"https:\/\/plataformanoticias.mx\/index.php?rest_route=\/wp\/v2\/types\/post"}],"author":[{"embeddable":true,"href":"https:\/\/plataformanoticias.mx\/index.php?rest_route=\/wp\/v2\/users\/6"}],"replies":[{"embeddable":true,"href":"https:\/\/plataformanoticias.mx\/index.php?rest_route=%2Fwp%2Fv2%2Fcomments&post=81208"}],"version-history":[{"count":1,"href":"https:\/\/plataformanoticias.mx\/index.php?rest_route=\/wp\/v2\/posts\/81208\/revisions"}],"predecessor-version":[{"id":81212,"href":"https:\/\/plataformanoticias.mx\/index.php?rest_route=\/wp\/v2\/posts\/81208\/revisions\/81212"}],"wp:featuredmedia":[{"embeddable":true,"href":"https:\/\/plataformanoticias.mx\/index.php?rest_route=\/wp\/v2\/media\/81211"}],"wp:attachment":[{"href":"https:\/\/plataformanoticias.mx\/index.php?rest_route=%2Fwp%2Fv2%2Fmedia&parent=81208"}],"wp:term":[{"taxonomy":"category","embeddable":true,"href":"https:\/\/plataformanoticias.mx\/index.php?rest_route=%2Fwp%2Fv2%2Fcategories&post=81208"},{"taxonomy":"post_tag","embeddable":true,"href":"https:\/\/plataformanoticias.mx\/index.php?rest_route=%2Fwp%2Fv2%2Ftags&post=81208"}],"curies":[{"name":"wp","href":"https:\/\/api.w.org\/{rel}","templated":true}]}}