{"id":81262,"date":"2022-09-11T06:52:56","date_gmt":"2022-09-11T13:52:56","guid":{"rendered":"https:\/\/plataformanoticias.mx\/?p=81262"},"modified":"2022-09-11T06:52:57","modified_gmt":"2022-09-11T13:52:57","slug":"fuerte-marejada-dana-palapas-y-mirador-de-la-playa-del-maviri","status":"publish","type":"post","link":"https:\/\/plataformanoticias.mx\/?p=81262","title":{"rendered":"Fuerte marejada da\u00f1a palapas y mirador de la playa del Maviri"},"content":{"rendered":"\n<p><strong>Topolobampo, Sinaloa.- <\/strong> El Fuerte oleaje que se ha presentado en la playa del Maviri despu\u00e9s de las tormentas tropicales que se han presentado en el pac\u00edfico y mar de cort\u00e9s ha ocasionado que el mar llegue hasta el area del mirador y palapas de palma y madera que se encontraba en la orilla de la playa. <br><br>Personal de protecci\u00f3n civil y bomberos una inhabilitaron el acceso para evitar cualquier accidente.<\/p>\n\n\n\n<p>Es importante se\u00f1alar que los restaurantes se encuentran abiertos y brindando atenci\u00f3n al p\u00fablico.  <\/p>\n","protected":false},"excerpt":{"rendered":"<p>Topolobampo, Sinaloa.- El Fuerte oleaje que se ha presentado en la playa del Maviri despu\u00e9s de las tormentas tropicales que se han presentado en el pac\u00edfico y mar de cort\u00e9s ha ocasionado que el mar llegue hasta el area del mirador y palapas de palma y madera que se encontraba en la orilla de la<\/p>\n","protected":false},"author":6,"featured_media":81264,"comment_status":"closed","ping_status":"closed","sticky":false,"template":"","format":"standard","meta":{"footnotes":""},"categories":[38],"tags":[],"class_list":["post-81262","post","type-post","status-publish","format-standard","has-post-thumbnail","hentry","category-locales"],"_links":{"self":[{"href":"https:\/\/plataformanoticias.mx\/index.php?rest_route=\/wp\/v2\/posts\/81262","targetHints":{"allow":["GET"]}}],"collection":[{"href":"https:\/\/plataformanoticias.mx\/index.php?rest_route=\/wp\/v2\/posts"}],"about":[{"href":"https:\/\/plataformanoticias.mx\/index.php?rest_route=\/wp\/v2\/types\/post"}],"author":[{"embeddable":true,"href":"https:\/\/plataformanoticias.mx\/index.php?rest_route=\/wp\/v2\/users\/6"}],"replies":[{"embeddable":true,"href":"https:\/\/plataformanoticias.mx\/index.php?rest_route=%2Fwp%2Fv2%2Fcomments&post=81262"}],"version-history":[{"count":1,"href":"https:\/\/plataformanoticias.mx\/index.php?rest_route=\/wp\/v2\/posts\/81262\/revisions"}],"predecessor-version":[{"id":81265,"href":"https:\/\/plataformanoticias.mx\/index.php?rest_route=\/wp\/v2\/posts\/81262\/revisions\/81265"}],"wp:featuredmedia":[{"embeddable":true,"href":"https:\/\/plataformanoticias.mx\/index.php?rest_route=\/wp\/v2\/media\/81264"}],"wp:attachment":[{"href":"https:\/\/plataformanoticias.mx\/index.php?rest_route=%2Fwp%2Fv2%2Fmedia&parent=81262"}],"wp:term":[{"taxonomy":"category","embeddable":true,"href":"https:\/\/plataformanoticias.mx\/index.php?rest_route=%2Fwp%2Fv2%2Fcategories&post=81262"},{"taxonomy":"post_tag","embeddable":true,"href":"https:\/\/plataformanoticias.mx\/index.php?rest_route=%2Fwp%2Fv2%2Ftags&post=81262"}],"curies":[{"name":"wp","href":"https:\/\/api.w.org\/{rel}","templated":true}]}}