{"id":81266,"date":"2022-09-11T16:52:17","date_gmt":"2022-09-11T23:52:17","guid":{"rendered":"https:\/\/plataformanoticias.mx\/?p=81266"},"modified":"2022-09-11T16:52:19","modified_gmt":"2022-09-11T23:52:19","slug":"llegan-a-sinaloa-mas-de-140-mil-vacunas-contra-el-covid-19","status":"publish","type":"post","link":"https:\/\/plataformanoticias.mx\/?p=81266","title":{"rendered":"Llegan a Sinaloa mas de 140 mil vacunas contra el COVID-19"},"content":{"rendered":"\n<p><\/p>\n\n\n\n<p><strong><em>Culiac\u00e1n, Sinaloa-<\/em> E<\/strong>ste fin de semana llegaron a Sinaloa m\u00e1s de 140 mil vacunas, para continuar con la Jornada de Vacunaci\u00f3n contra  el COVID-19. <\/p>\n\n\n\n<figure class=\"wp-block-image size-large\"><img loading=\"lazy\" decoding=\"async\" width=\"682\" height=\"1024\" src=\"https:\/\/plataformanoticias.mx\/wp-content\/uploads\/2022\/09\/BDC65CD2-0AD4-43A3-8A18-CDA3FCBFCB83-682x1024.jpeg\" alt=\"\" class=\"wp-image-81268\" srcset=\"https:\/\/plataformanoticias.mx\/wp-content\/uploads\/2022\/09\/BDC65CD2-0AD4-43A3-8A18-CDA3FCBFCB83-682x1024.jpeg 682w, https:\/\/plataformanoticias.mx\/wp-content\/uploads\/2022\/09\/BDC65CD2-0AD4-43A3-8A18-CDA3FCBFCB83-200x300.jpeg 200w, https:\/\/plataformanoticias.mx\/wp-content\/uploads\/2022\/09\/BDC65CD2-0AD4-43A3-8A18-CDA3FCBFCB83-768x1154.jpeg 768w, https:\/\/plataformanoticias.mx\/wp-content\/uploads\/2022\/09\/BDC65CD2-0AD4-43A3-8A18-CDA3FCBFCB83.jpeg 852w\" sizes=\"auto, (max-width: 682px) 100vw, 682px\" \/><\/figure>\n\n\n\n<p>El delegado de Programas para el Bienestar de Sinaloa, Arq. Omar L\u00f3pez Campos, inform\u00f3 que son 72 mil dosis del biol\u00f3gico Pfizer Pedi\u00e1trico, para aplicar segunda dosis a ni\u00f1os menores de 5 a 11 a\u00f1os de edad, y que adem\u00e1s, arribaron m\u00e1s de 71 mil vacunas del biol\u00f3gico CanSino, que se aplicar\u00e1n como refuerzo a mayores de 18 a\u00f1os de edad. <\/p>\n\n\n\n<p>\u201cAcabamos de recibir biol\u00f3gicos Pfizer para nuestras ni\u00f1os y ni\u00f1os de 5 a 11 a\u00f1os, para continuar esta semana con la actividad de aplicaci\u00f3n de la segunda dosis, tambi\u00e9n recibimos CanSino, para ser m\u00e1s precisos 71,490 biol\u00f3gicos, que nos van a permitir aplicar refuerzos para mayores de 18 a\u00f1os\u201d, se\u00f1al\u00f3. <\/p>\n\n\n\n<figure class=\"wp-block-gallery columns-1 is-cropped wp-block-gallery-1 is-layout-flex wp-block-gallery-is-layout-flex\"><ul class=\"blocks-gallery-grid\"><li class=\"blocks-gallery-item\"><figure><img loading=\"lazy\" decoding=\"async\" width=\"1024\" height=\"682\" src=\"https:\/\/plataformanoticias.mx\/wp-content\/uploads\/2022\/09\/12C030DC-08FA-43DE-9107-9E8E5943F77B-1024x682.jpeg\" alt=\"\" data-id=\"81269\" data-full-url=\"https:\/\/plataformanoticias.mx\/wp-content\/uploads\/2022\/09\/12C030DC-08FA-43DE-9107-9E8E5943F77B.jpeg\" data-link=\"https:\/\/plataformanoticias.mx\/?attachment_id=81269\" class=\"wp-image-81269\" srcset=\"https:\/\/plataformanoticias.mx\/wp-content\/uploads\/2022\/09\/12C030DC-08FA-43DE-9107-9E8E5943F77B-1024x682.jpeg 1024w, https:\/\/plataformanoticias.mx\/wp-content\/uploads\/2022\/09\/12C030DC-08FA-43DE-9107-9E8E5943F77B-300x200.jpeg 300w, https:\/\/plataformanoticias.mx\/wp-content\/uploads\/2022\/09\/12C030DC-08FA-43DE-9107-9E8E5943F77B-768x511.jpeg 768w, https:\/\/plataformanoticias.mx\/wp-content\/uploads\/2022\/09\/12C030DC-08FA-43DE-9107-9E8E5943F77B.jpeg 1280w\" sizes=\"auto, (max-width: 1024px) 100vw, 1024px\" \/><\/figure><\/li><\/ul><\/figure>\n\n\n\n<p>La Jornada de Vacunaci\u00f3n de segunda dosis a menores de 5 a 11 a\u00f1os, iniciar\u00e1 el d\u00eda martes trece de septiembre, en los municipios de Culiac\u00e1n, Mazatl\u00e1n, Ahome y Guasave; en los mismos Centros de Vacunaci\u00f3n que la poblaci\u00f3n ya conoce. <\/p>\n\n\n\n<p>El protocolo de recepci\u00f3n de vacunas estuvo encabezado por la Dra. Tania Clarissa Medina L\u00f3pez, delegada estatal del IMSS en Sinaloa y responsable de la Brigada Correcaminos; Dr. Gerardo Alapizco Castro, Secretario General de la Universidad Aut\u00f3noma de Sinaloa; en representaci\u00f3n del secretario de Salud de Sinaloa, Dr. Cuitl\u00e1huac Gonz\u00e1lez Galindo, asisti\u00f3 el Dr. Gerardo Kenny Inzunza Leyva, director de Direcci\u00f3n de Prevenci\u00f3n y Promoci\u00f3n de la Salud, y representantes de las Fuerzas Armadas en Sinaloa.<\/p>\n","protected":false},"excerpt":{"rendered":"<p>Culiac\u00e1n, Sinaloa- Este fin de semana llegaron a Sinaloa m\u00e1s de 140 mil vacunas, para continuar con la Jornada de Vacunaci\u00f3n contra el COVID-19. El delegado de Programas para el Bienestar de Sinaloa, Arq. Omar L\u00f3pez Campos, inform\u00f3 que son 72 mil dosis del biol\u00f3gico Pfizer Pedi\u00e1trico, para aplicar segunda dosis a ni\u00f1os menores de<\/p>\n","protected":false},"author":6,"featured_media":81270,"comment_status":"closed","ping_status":"closed","sticky":false,"template":"","format":"standard","meta":{"footnotes":""},"categories":[28],"tags":[],"class_list":["post-81266","post","type-post","status-publish","format-standard","has-post-thumbnail","hentry","category-centro"],"_links":{"self":[{"href":"https:\/\/plataformanoticias.mx\/index.php?rest_route=\/wp\/v2\/posts\/81266","targetHints":{"allow":["GET"]}}],"collection":[{"href":"https:\/\/plataformanoticias.mx\/index.php?rest_route=\/wp\/v2\/posts"}],"about":[{"href":"https:\/\/plataformanoticias.mx\/index.php?rest_route=\/wp\/v2\/types\/post"}],"author":[{"embeddable":true,"href":"https:\/\/plataformanoticias.mx\/index.php?rest_route=\/wp\/v2\/users\/6"}],"replies":[{"embeddable":true,"href":"https:\/\/plataformanoticias.mx\/index.php?rest_route=%2Fwp%2Fv2%2Fcomments&post=81266"}],"version-history":[{"count":1,"href":"https:\/\/plataformanoticias.mx\/index.php?rest_route=\/wp\/v2\/posts\/81266\/revisions"}],"predecessor-version":[{"id":81271,"href":"https:\/\/plataformanoticias.mx\/index.php?rest_route=\/wp\/v2\/posts\/81266\/revisions\/81271"}],"wp:featuredmedia":[{"embeddable":true,"href":"https:\/\/plataformanoticias.mx\/index.php?rest_route=\/wp\/v2\/media\/81270"}],"wp:attachment":[{"href":"https:\/\/plataformanoticias.mx\/index.php?rest_route=%2Fwp%2Fv2%2Fmedia&parent=81266"}],"wp:term":[{"taxonomy":"category","embeddable":true,"href":"https:\/\/plataformanoticias.mx\/index.php?rest_route=%2Fwp%2Fv2%2Fcategories&post=81266"},{"taxonomy":"post_tag","embeddable":true,"href":"https:\/\/plataformanoticias.mx\/index.php?rest_route=%2Fwp%2Fv2%2Ftags&post=81266"}],"curies":[{"name":"wp","href":"https:\/\/api.w.org\/{rel}","templated":true}]}}