{"id":81283,"date":"2022-09-12T16:48:49","date_gmt":"2022-09-12T23:48:49","guid":{"rendered":"https:\/\/plataformanoticias.mx\/?p=81283"},"modified":"2022-09-12T16:48:51","modified_gmt":"2022-09-12T23:48:51","slug":"nino-de-2-anos-pierde-la-vida-tras-presunta-golpiza-en-los-mochis","status":"publish","type":"post","link":"https:\/\/plataformanoticias.mx\/?p=81283","title":{"rendered":"Ni\u00f1o de 2 a\u00f1os pierde la vida tras presunta golpiza en Los Mochis"},"content":{"rendered":"\n<p><\/p>\n\n\n\n<p>El menor  fue llevado a la cl\u00ednica 49 del IMSS, donde se inform\u00f3 que ya no contaba con signos vitales; hay una persona en calidad de presentado.<\/p>\n\n\n\n<p><strong>Los Mochis, Sinaloa.- <\/strong>Un ni\u00f1o de tan s\u00f3lo dos a\u00f1os de edad, perdi\u00f3 la vida luego de que presuntamente fuera golpeado por un hombre, quien de acuerdo con los primeros informes estaba al cuidado de la v\u00edctima.<\/p>\n\n\n\n<p>Fue aproximadamente a las 16:00 horas de este lunes, que a la cl\u00ednica 49 del Instituto Mexicano del Seguro Social lleg\u00f3 una pareja con el menor, el cual fue identificado como Alexander \u201cN\u201d, mismo que estaba inconsciente.<\/p>\n\n\n\n<p>Durante las primeras valoraciones, personal del nosocomio se percat\u00f3 que el ni\u00f1o presentaba diversos golpes, por lo que dieron aviso a las autoridades. M\u00e1s tarde se inform\u00f3 que hab\u00eda perdido la vida.<\/p>\n\n\n\n<p>Al lugar llegaron elementos de la Secretar\u00eda de Seguridad y Protecci\u00f3n Ciudadana, quienes se entrevistaron con el personal del hospital.<\/p>\n\n\n\n<p>Minutos despu\u00e9s los uniformados se llevaron en calidad de presentado a un joven, de 27 a\u00f1os, quien tendr\u00e1 que rendir su declaraci\u00f3n ante las autoridades para esclarecer los hechos.<\/p>\n\n\n\n<p>Informaci\u00f3n Dulcina Parra La Mochilita <\/p>\n","protected":false},"excerpt":{"rendered":"<p>El menor fue llevado a la cl\u00ednica 49 del IMSS, donde se inform\u00f3 que ya no contaba con signos vitales; hay una persona en calidad de presentado. Los Mochis, Sinaloa.- Un ni\u00f1o de tan s\u00f3lo dos a\u00f1os de edad, perdi\u00f3 la vida luego de que presuntamente fuera golpeado por un hombre, quien de acuerdo con<\/p>\n","protected":false},"author":6,"featured_media":81285,"comment_status":"closed","ping_status":"closed","sticky":false,"template":"","format":"standard","meta":{"footnotes":""},"categories":[38],"tags":[],"class_list":["post-81283","post","type-post","status-publish","format-standard","has-post-thumbnail","hentry","category-locales"],"_links":{"self":[{"href":"https:\/\/plataformanoticias.mx\/index.php?rest_route=\/wp\/v2\/posts\/81283","targetHints":{"allow":["GET"]}}],"collection":[{"href":"https:\/\/plataformanoticias.mx\/index.php?rest_route=\/wp\/v2\/posts"}],"about":[{"href":"https:\/\/plataformanoticias.mx\/index.php?rest_route=\/wp\/v2\/types\/post"}],"author":[{"embeddable":true,"href":"https:\/\/plataformanoticias.mx\/index.php?rest_route=\/wp\/v2\/users\/6"}],"replies":[{"embeddable":true,"href":"https:\/\/plataformanoticias.mx\/index.php?rest_route=%2Fwp%2Fv2%2Fcomments&post=81283"}],"version-history":[{"count":1,"href":"https:\/\/plataformanoticias.mx\/index.php?rest_route=\/wp\/v2\/posts\/81283\/revisions"}],"predecessor-version":[{"id":81286,"href":"https:\/\/plataformanoticias.mx\/index.php?rest_route=\/wp\/v2\/posts\/81283\/revisions\/81286"}],"wp:featuredmedia":[{"embeddable":true,"href":"https:\/\/plataformanoticias.mx\/index.php?rest_route=\/wp\/v2\/media\/81285"}],"wp:attachment":[{"href":"https:\/\/plataformanoticias.mx\/index.php?rest_route=%2Fwp%2Fv2%2Fmedia&parent=81283"}],"wp:term":[{"taxonomy":"category","embeddable":true,"href":"https:\/\/plataformanoticias.mx\/index.php?rest_route=%2Fwp%2Fv2%2Fcategories&post=81283"},{"taxonomy":"post_tag","embeddable":true,"href":"https:\/\/plataformanoticias.mx\/index.php?rest_route=%2Fwp%2Fv2%2Ftags&post=81283"}],"curies":[{"name":"wp","href":"https:\/\/api.w.org\/{rel}","templated":true}]}}