{"id":81304,"date":"2022-09-12T17:27:29","date_gmt":"2022-09-13T00:27:29","guid":{"rendered":"https:\/\/plataformanoticias.mx\/?p=81304"},"modified":"2022-09-12T17:27:30","modified_gmt":"2022-09-13T00:27:30","slug":"llega-decide-a-escuelas-en-zonas-de-alto-riesgo-para-prevenir-adicciones","status":"publish","type":"post","link":"https:\/\/plataformanoticias.mx\/?p=81304","title":{"rendered":"Llega DECIDE a escuelas en zonas de alto riesgo para prevenir adicciones"},"content":{"rendered":"\n<p><\/p>\n\n\n\n<p><em>La primera escuela en contar con el programa fue la secundaria general de La Reforma, en el campo pesquero de Angostura<\/em><\/p>\n\n\n\n<p>Angostura, Sinaloa.- A partir de hoy, alumnas y alumnos de primaria y secundaria en 8 municipios de Sinaloa participar\u00e1n en el programa DECIDE para inhibir el consumo de drogas en edad escolar.<\/p>\n\n\n\n<p>Este programa, puesto en marcha en coordinaci\u00f3n entre el Secretariado Ejecutivo del Sistema Estatal de Seguridad P\u00fablica (SESESP), la Secretar\u00eda de Educaci\u00f3n P\u00fablica y Cultura (SEPyC) y la asociaci\u00f3n civil Sociedad Educadora, arranc\u00f3 oficialmente en la escuela secundaria general La Reforma, en el campo pesquero del mismo nombre, en el municipio de Angostura.<img loading=\"lazy\" decoding=\"async\" width=\"958\" height=\"1280\" class=\"wp-image-81306\" style=\"width: 650px\" src=\"https:\/\/plataformanoticias.mx\/wp-content\/uploads\/2022\/09\/EEABE861-FC1D-4F84-B4F8-4C92F3F949D2.jpeg\" alt=\"\" srcset=\"https:\/\/plataformanoticias.mx\/wp-content\/uploads\/2022\/09\/EEABE861-FC1D-4F84-B4F8-4C92F3F949D2.jpeg 958w, https:\/\/plataformanoticias.mx\/wp-content\/uploads\/2022\/09\/EEABE861-FC1D-4F84-B4F8-4C92F3F949D2-225x300.jpeg 225w, https:\/\/plataformanoticias.mx\/wp-content\/uploads\/2022\/09\/EEABE861-FC1D-4F84-B4F8-4C92F3F949D2-766x1024.jpeg 766w, https:\/\/plataformanoticias.mx\/wp-content\/uploads\/2022\/09\/EEABE861-FC1D-4F84-B4F8-4C92F3F949D2-768x1026.jpeg 768w\" sizes=\"auto, (max-width: 958px) 100vw, 958px\" \/><\/p>\n\n\n\n<p>Al poner en marcha el programa ante decenas de estudiantes, el secretario del SESESP, Ricardo Jenny del Rinc\u00f3n, expuso que DECIDE no es solo una pl\u00e1tica o conferencia, sino que es un taller completo para que ni\u00f1os y j\u00f3venes aprendan a tomar decisiones responsables ante situaciones de riesgo.<br>\n&nbsp;<br>\nPara empezar con el programa, dirigido a estudiantes de 6\u00b0 de primaria, 1\u00b0 y 2\u00b0 de secundaria, los participantes pasan a la unidad m\u00f3vil del MIA donde por medio de la tecnolog\u00eda conocen el impacto f\u00edsico, mental y social que origina el consumo de drogas. Despu\u00e9s recibir\u00e1n un taller durante cerca de un mes, el cual se impartir\u00e1 por personas capacitadas en materia de prevenci\u00f3n.<\/p>\n\n\n\n<p>\u201cPensamos en crear un programa que fuera m\u00e1s all\u00e1 de Culiac\u00e1n y las ciudades grandes, pensamos en lo mucho que puede ayudar un programa de prevenci\u00f3n en comunidades como esta donde la esperanza por un futuro mejor est\u00e1 en la juventud y en la infancia lejos de las adicciones, estamos aqu\u00ed llenos de gusto porque sabemos el \u00e9xito que tendremos trabajando todos juntos sociedad y gobierno para prevenir el consumo inicial de drogas y sustancias nocivas\u201d.<\/p>\n\n\n\n<p>En representaci\u00f3n de la Secretar\u00eda de Educaci\u00f3n P\u00fablica y Cultura, el Subsecretario de Vinculaci\u00f3n, Jorge Quintero, dijo que el objetivo es que ni\u00f1os y ni\u00f1as aprendan a decir &#8220;no&#8221; tanto a las drogas como a todo aquello que pueda representar un da\u00f1o en sus vidas, pues adquirir\u00e1n conocimientos para la toma decisiones que beneficien su salud f\u00edsica, mental y emocional.  <\/p>\n\n\n\n<p>Por su parte, la directora de la secundaria La Reforma, Lilia Aid\u00e9 Castro Santos, agradeci\u00f3 que la puesta en marcha del programa se realizara en este plantel, pues confi\u00f3 en el beneficio que DECIDE traer\u00e1 a la escuela y tambi\u00e9n a la comunidad en general.<\/p>\n\n\n\n<p>\u201cMe siento muy orgullosa que esta escuela sea una de las que se eligi\u00f3 para ello, mas no me siento orgullosa de que se haya elegido porque tenemos un gran problema de adicciones en la comunidad, pero los problemas no se resuelven si no los enfrentamos, ese es un gran paso y para poder salir tenemos que reconocer que el problema existe\u201d, manifest\u00f3.<img loading=\"lazy\" decoding=\"async\" width=\"1600\" height=\"1066\" class=\"wp-image-81307\" style=\"width: 650px\" src=\"https:\/\/plataformanoticias.mx\/wp-content\/uploads\/2022\/09\/9568A933-CE39-4852-A754-84581BB25FCB.jpeg\" alt=\"\" srcset=\"https:\/\/plataformanoticias.mx\/wp-content\/uploads\/2022\/09\/9568A933-CE39-4852-A754-84581BB25FCB.jpeg 1600w, https:\/\/plataformanoticias.mx\/wp-content\/uploads\/2022\/09\/9568A933-CE39-4852-A754-84581BB25FCB-300x200.jpeg 300w, https:\/\/plataformanoticias.mx\/wp-content\/uploads\/2022\/09\/9568A933-CE39-4852-A754-84581BB25FCB-1024x682.jpeg 1024w, https:\/\/plataformanoticias.mx\/wp-content\/uploads\/2022\/09\/9568A933-CE39-4852-A754-84581BB25FCB-768x512.jpeg 768w, https:\/\/plataformanoticias.mx\/wp-content\/uploads\/2022\/09\/9568A933-CE39-4852-A754-84581BB25FCB-1536x1023.jpeg 1536w\" sizes=\"auto, (max-width: 1600px) 100vw, 1600px\" \/><\/p>\n\n\n\n<p>Por otra parte, el Presidente Municipal de Angostura, Miguel \u00c1ngel Angulo, resalt\u00f3 la importancia de DECIDE pues va dirigido a edades en las cuales est\u00e1 detectado el inicio del consumo de drogas, es decir de los 10 a 15 a\u00f1os, destacando que &#8220;si no caen en esas edades, dif\u00edcilmente van a caer despu\u00e9s&#8221;.<\/p>\n\n\n\n<p>DECIDE va dirigido a escuelas primarias y secundarias ubicadas en pol\u00edgonos de riesgo por alta prevalencia de venta y consumo de drogas, con base en datos del Centro Estatal de Informaci\u00f3n del SESESP.<\/p>\n\n\n\n<p>En un periodo de dos a\u00f1os, el programa impactar\u00e1 positivamente a m\u00e1s de 17,000 ni\u00f1as, ni\u00f1os y adolescentes de los municipios de Culiac\u00e1n, Salvador Alvarado, Guasave, Ahome, Angostura, Navolato, Mazatl\u00e1n y Escuinapa.<\/p>\n","protected":false},"excerpt":{"rendered":"<p>La primera escuela en contar con el programa fue la secundaria general de La Reforma, en el campo pesquero de Angostura Angostura, Sinaloa.- A partir de hoy, alumnas y alumnos de primaria y secundaria en 8 municipios de Sinaloa participar\u00e1n en el programa DECIDE para inhibir el consumo de drogas en edad escolar. Este programa,<\/p>\n","protected":false},"author":6,"featured_media":81308,"comment_status":"closed","ping_status":"closed","sticky":false,"template":"","format":"standard","meta":{"footnotes":""},"categories":[28],"tags":[],"class_list":["post-81304","post","type-post","status-publish","format-standard","has-post-thumbnail","hentry","category-centro"],"_links":{"self":[{"href":"https:\/\/plataformanoticias.mx\/index.php?rest_route=\/wp\/v2\/posts\/81304","targetHints":{"allow":["GET"]}}],"collection":[{"href":"https:\/\/plataformanoticias.mx\/index.php?rest_route=\/wp\/v2\/posts"}],"about":[{"href":"https:\/\/plataformanoticias.mx\/index.php?rest_route=\/wp\/v2\/types\/post"}],"author":[{"embeddable":true,"href":"https:\/\/plataformanoticias.mx\/index.php?rest_route=\/wp\/v2\/users\/6"}],"replies":[{"embeddable":true,"href":"https:\/\/plataformanoticias.mx\/index.php?rest_route=%2Fwp%2Fv2%2Fcomments&post=81304"}],"version-history":[{"count":1,"href":"https:\/\/plataformanoticias.mx\/index.php?rest_route=\/wp\/v2\/posts\/81304\/revisions"}],"predecessor-version":[{"id":81309,"href":"https:\/\/plataformanoticias.mx\/index.php?rest_route=\/wp\/v2\/posts\/81304\/revisions\/81309"}],"wp:featuredmedia":[{"embeddable":true,"href":"https:\/\/plataformanoticias.mx\/index.php?rest_route=\/wp\/v2\/media\/81308"}],"wp:attachment":[{"href":"https:\/\/plataformanoticias.mx\/index.php?rest_route=%2Fwp%2Fv2%2Fmedia&parent=81304"}],"wp:term":[{"taxonomy":"category","embeddable":true,"href":"https:\/\/plataformanoticias.mx\/index.php?rest_route=%2Fwp%2Fv2%2Fcategories&post=81304"},{"taxonomy":"post_tag","embeddable":true,"href":"https:\/\/plataformanoticias.mx\/index.php?rest_route=%2Fwp%2Fv2%2Ftags&post=81304"}],"curies":[{"name":"wp","href":"https:\/\/api.w.org\/{rel}","templated":true}]}}