{"id":81332,"date":"2022-09-13T10:01:28","date_gmt":"2022-09-13T17:01:28","guid":{"rendered":"https:\/\/plataformanoticias.mx\/?p=81332"},"modified":"2022-09-13T10:07:33","modified_gmt":"2022-09-13T17:07:33","slug":"fge-busca-orden-de-aprehension-para-el-padrastro-del-menor-asesinado-a-golpes","status":"publish","type":"post","link":"https:\/\/plataformanoticias.mx\/?p=81332","title":{"rendered":"FGE busca orden de aprehensi\u00f3n para el padrastro del menor asesinado a golpes."},"content":{"rendered":"\n<p><strong>Culiac\u00e1n, Sinaloa.-&nbsp;<\/strong>Por no detenerlo en flagrancia, el presunto asesino del menor Alexander \u201cN\u201d qued\u00f3 en libertad, ya que el motivo de su detenci\u00f3n fue por faltas al bando de polic\u00eda municipal.&nbsp;<\/p>\n\n\n\n<p>Al ser detenido por presunta ri\u00f1a a las afueras de urgencias del IMSS.&nbsp;<\/p>\n\n\n\n<p>Entrevistada al respecto la Fiscal General del Estado, Sara Bruna Qui\u00f1onez confirm\u00f3 que el deceso del menor fue por craneoencef\u00e1lico provocado por golpes, argument\u00f3 que se busca que juez gire orden de aprehensi\u00f3n contra&nbsp;&nbsp;qui\u00e9n se dice ser el padrastro del menor.&nbsp;<\/p>\n\n\n\n<p>\u201cDesde ayer mismo se est\u00e1 trabando en una orden de aprehensi\u00f3n, nos sorprendi\u00f3 que obtuviera su libertad, no cont\u00e1bamos con eso, sin embargo, estamos preparando ya lo conducente para judicializar el asunto\u201d enfatiz\u00f3.&nbsp;<\/p>\n\n\n\n<p>La Fiscal argument\u00f3 que para la fiscal\u00eda hab\u00eda elementos suficientes para que se mantuviera a resguardo de las autoridades, por ello, puntualiz\u00f3 que se recaban las pruebas suficientes para proceder jur\u00eddicamente.&nbsp;<\/p>\n","protected":false},"excerpt":{"rendered":"<p>Culiac\u00e1n, Sinaloa.-&nbsp;Por no detenerlo en flagrancia, el presunto asesino del menor Alexander \u201cN\u201d qued\u00f3 en libertad, ya que el motivo de su detenci\u00f3n fue por faltas al bando de polic\u00eda municipal.&nbsp; Al ser detenido por presunta ri\u00f1a a las afueras de urgencias del IMSS.&nbsp; Entrevistada al respecto la Fiscal General del Estado, Sara Bruna Qui\u00f1onez<\/p>\n","protected":false},"author":6,"featured_media":81334,"comment_status":"closed","ping_status":"closed","sticky":false,"template":"","format":"standard","meta":{"footnotes":""},"categories":[28],"tags":[],"class_list":["post-81332","post","type-post","status-publish","format-standard","has-post-thumbnail","hentry","category-centro"],"_links":{"self":[{"href":"https:\/\/plataformanoticias.mx\/index.php?rest_route=\/wp\/v2\/posts\/81332","targetHints":{"allow":["GET"]}}],"collection":[{"href":"https:\/\/plataformanoticias.mx\/index.php?rest_route=\/wp\/v2\/posts"}],"about":[{"href":"https:\/\/plataformanoticias.mx\/index.php?rest_route=\/wp\/v2\/types\/post"}],"author":[{"embeddable":true,"href":"https:\/\/plataformanoticias.mx\/index.php?rest_route=\/wp\/v2\/users\/6"}],"replies":[{"embeddable":true,"href":"https:\/\/plataformanoticias.mx\/index.php?rest_route=%2Fwp%2Fv2%2Fcomments&post=81332"}],"version-history":[{"count":1,"href":"https:\/\/plataformanoticias.mx\/index.php?rest_route=\/wp\/v2\/posts\/81332\/revisions"}],"predecessor-version":[{"id":81335,"href":"https:\/\/plataformanoticias.mx\/index.php?rest_route=\/wp\/v2\/posts\/81332\/revisions\/81335"}],"wp:featuredmedia":[{"embeddable":true,"href":"https:\/\/plataformanoticias.mx\/index.php?rest_route=\/wp\/v2\/media\/81334"}],"wp:attachment":[{"href":"https:\/\/plataformanoticias.mx\/index.php?rest_route=%2Fwp%2Fv2%2Fmedia&parent=81332"}],"wp:term":[{"taxonomy":"category","embeddable":true,"href":"https:\/\/plataformanoticias.mx\/index.php?rest_route=%2Fwp%2Fv2%2Fcategories&post=81332"},{"taxonomy":"post_tag","embeddable":true,"href":"https:\/\/plataformanoticias.mx\/index.php?rest_route=%2Fwp%2Fv2%2Ftags&post=81332"}],"curies":[{"name":"wp","href":"https:\/\/api.w.org\/{rel}","templated":true}]}}