{"id":81344,"date":"2022-09-13T10:38:56","date_gmt":"2022-09-13T17:38:56","guid":{"rendered":"https:\/\/plataformanoticias.mx\/?p=81344"},"modified":"2022-09-13T10:38:57","modified_gmt":"2022-09-13T17:38:57","slug":"rocha-tiene-funcionarios-que-no-funcionan-movimiento-ciudadano","status":"publish","type":"post","link":"https:\/\/plataformanoticias.mx\/?p=81344","title":{"rendered":"Rocha tiene funcionarios que no funcionan: Movimiento Ciudadano"},"content":{"rendered":"\n<p>\u2022    Admite el gobernador que no le hacen caso y no trabajan<\/p>\n\n\n\n<p>Culiac\u00e1n, Sin.- Es de risa que el propio gobernador admita que sus funcionarios no funcionan, que quiere que le hagan caso, cuando \u00e9l los contrato y \u00e9l autoriza sus pagos, se\u00f1al\u00f3 Sergio Torres, l\u00edder de Movimiento Ciudadano en Sinaloa, y agrega: \u201ces hora que busque entre los miles de sinaloenses que, si desean trabajar por la gente y por el estado, para hacer los cambios necesarios\u201d.<br> \u201cPor eso estamos, como estamos\u201d, agreg\u00f3 el l\u00edder del movimiento naranja, y se pregunt\u00f3: \u201csi no le hacen caso al gobernador, menos a\u00fan a las familias sinaloenses que acuden a plantear sus necesidades\u201d.<br> Hay, dijo, reiterados se\u00f1alamientos de que los funcionarios del gobierno del estado se la pasan en sus oficinas refrigeradas, viendo series televisivas, nadando de muertito y esperando cada quincena para cobrar sus sueldos, pero de trabajo, nada, basta con se\u00f1alar el gran n\u00famero de escuelas da\u00f1adas donde no pudo iniciar el ciclo escolar, por no reunir las m\u00ednimas condiciones de seguridad y limpieza.<br> De Rocha, como catedr\u00e1tico y exrector de la UAS, esper\u00e1bamos que la educaci\u00f3n fuera el tema principal de su administraci\u00f3n, pero desgraciadamente no es as\u00ed, es doloroso ver el mal estado en que tienen las escuelas, pero lo es m\u00e1s ver el gran retroceso educativo en que dejan a miles de ni\u00f1os y ni\u00f1as sinaloenses.<br> Las lluvias, hicieron que los socavones y baches rebasaran la capacidad de respuesta del gobierno estatal y municipales para repararlos, dijo Sergio Torres, y exigi\u00f3 que se haga un plan emergente para atender el problema, tanto en las calles de las colonias, del centro de la ciudad, caminos de sindicaturas y las carreteras del estado que se han vuelto intransitables y sumamente peligrosas para todos.<img loading=\"lazy\" decoding=\"async\" width=\"1296\" height=\"864\" class=\"wp-image-81346\" style=\"width: 650px\" src=\"https:\/\/plataformanoticias.mx\/wp-content\/uploads\/2022\/09\/5c686b18-f689-44c0-8122-090435c61960.jpg\" alt=\"\" srcset=\"https:\/\/plataformanoticias.mx\/wp-content\/uploads\/2022\/09\/5c686b18-f689-44c0-8122-090435c61960.jpg 1296w, https:\/\/plataformanoticias.mx\/wp-content\/uploads\/2022\/09\/5c686b18-f689-44c0-8122-090435c61960-300x200.jpg 300w, https:\/\/plataformanoticias.mx\/wp-content\/uploads\/2022\/09\/5c686b18-f689-44c0-8122-090435c61960-1024x683.jpg 1024w, https:\/\/plataformanoticias.mx\/wp-content\/uploads\/2022\/09\/5c686b18-f689-44c0-8122-090435c61960-768x512.jpg 768w\" sizes=\"auto, (max-width: 1296px) 100vw, 1296px\" \/><br> Por el lado del gobierno federal, se\u00f1al\u00f3 que L\u00f3pez Obrador sigue en su campa\u00f1a de pleitos y desprestigio contra personas e instituciones, en esta ocasi\u00f3n se lanz\u00f3 contra la ONU y la OEA, pero queda claro que esta estrategia es de distracci\u00f3n, para que la gente no hable ni vea la gran crisis econ\u00f3mica que vive el pa\u00eds y limita a todas las familias, hasta en su alimentaci\u00f3n.<br> \u201cTenemos, dijo, un incipiente dictador como presidente, que copia a Ch\u00e1vez y a Maduro, que le gusta que le hagan caso, aunque no tenga la raz\u00f3n, que viola constantemente leyes y hasta la propia Constituci\u00f3n, con lo que provoca que el prestigio y respeto para M\u00e9xico, a nivel internacional, se pierda.<br> Sobre el presidente municipal de Culiac\u00e1n, Juan de Dios G\u00e1mez, le dijo: \u201cno es suficiente ser ahijado del gobernador, hay que saber sacar adelante la chamba\u201d, y agreg\u00f3 que a tres meses de su nombramiento ha demostrado que no puede con el \u201cpaquete, que no dio el ancho\u201d.<\/p>\n","protected":false},"excerpt":{"rendered":"<p>\u2022 Admite el gobernador que no le hacen caso y no trabajan Culiac\u00e1n, Sin.- Es de risa que el propio gobernador admita que sus funcionarios no funcionan, que quiere que le hagan caso, cuando \u00e9l los contrato y \u00e9l autoriza sus pagos, se\u00f1al\u00f3 Sergio Torres, l\u00edder de Movimiento Ciudadano en Sinaloa, y agrega: \u201ces hora<\/p>\n","protected":false},"author":6,"featured_media":81347,"comment_status":"closed","ping_status":"closed","sticky":false,"template":"","format":"standard","meta":{"footnotes":""},"categories":[31],"tags":[],"class_list":["post-81344","post","type-post","status-publish","format-standard","has-post-thumbnail","hentry","category-politica"],"_links":{"self":[{"href":"https:\/\/plataformanoticias.mx\/index.php?rest_route=\/wp\/v2\/posts\/81344","targetHints":{"allow":["GET"]}}],"collection":[{"href":"https:\/\/plataformanoticias.mx\/index.php?rest_route=\/wp\/v2\/posts"}],"about":[{"href":"https:\/\/plataformanoticias.mx\/index.php?rest_route=\/wp\/v2\/types\/post"}],"author":[{"embeddable":true,"href":"https:\/\/plataformanoticias.mx\/index.php?rest_route=\/wp\/v2\/users\/6"}],"replies":[{"embeddable":true,"href":"https:\/\/plataformanoticias.mx\/index.php?rest_route=%2Fwp%2Fv2%2Fcomments&post=81344"}],"version-history":[{"count":1,"href":"https:\/\/plataformanoticias.mx\/index.php?rest_route=\/wp\/v2\/posts\/81344\/revisions"}],"predecessor-version":[{"id":81348,"href":"https:\/\/plataformanoticias.mx\/index.php?rest_route=\/wp\/v2\/posts\/81344\/revisions\/81348"}],"wp:featuredmedia":[{"embeddable":true,"href":"https:\/\/plataformanoticias.mx\/index.php?rest_route=\/wp\/v2\/media\/81347"}],"wp:attachment":[{"href":"https:\/\/plataformanoticias.mx\/index.php?rest_route=%2Fwp%2Fv2%2Fmedia&parent=81344"}],"wp:term":[{"taxonomy":"category","embeddable":true,"href":"https:\/\/plataformanoticias.mx\/index.php?rest_route=%2Fwp%2Fv2%2Fcategories&post=81344"},{"taxonomy":"post_tag","embeddable":true,"href":"https:\/\/plataformanoticias.mx\/index.php?rest_route=%2Fwp%2Fv2%2Ftags&post=81344"}],"curies":[{"name":"wp","href":"https:\/\/api.w.org\/{rel}","templated":true}]}}