{"id":81349,"date":"2022-09-13T10:43:36","date_gmt":"2022-09-13T17:43:36","guid":{"rendered":"https:\/\/plataformanoticias.mx\/?p=81349"},"modified":"2022-09-13T10:45:36","modified_gmt":"2022-09-13T17:45:36","slug":"fortalece-el-pri-ahome-sus-lazos-con-la-ciudadania","status":"publish","type":"post","link":"https:\/\/plataformanoticias.mx\/?p=81349","title":{"rendered":"Fortalece el PRI Ahome sus lazos con la ciudadan\u00eda"},"content":{"rendered":"\n<p><\/p>\n\n\n\n<p><em>&#8211; &#8220;Continuamos llevando nuestros programas de asistencia social a las comunidades y colonias populares del municipio&#8221;: C\u00e9sar Emiliano Gerardo<\/em><\/p>\n\n\n\n<figure class=\"wp-block-gallery columns-1 is-cropped wp-block-gallery-1 is-layout-flex wp-block-gallery-is-layout-flex\"><ul class=\"blocks-gallery-grid\"><li class=\"blocks-gallery-item\"><figure><img loading=\"lazy\" decoding=\"async\" width=\"1024\" height=\"768\" src=\"https:\/\/plataformanoticias.mx\/wp-content\/uploads\/2022\/09\/DB022B50-8A02-4B25-8305-B5E884841DF8-1024x768.jpeg\" alt=\"\" data-id=\"81357\" data-full-url=\"https:\/\/plataformanoticias.mx\/wp-content\/uploads\/2022\/09\/DB022B50-8A02-4B25-8305-B5E884841DF8.jpeg\" data-link=\"https:\/\/plataformanoticias.mx\/fortalece-el-pri-ahome-sus-lazos-con-la-ciudadania\/db022b50-8a02-4b25-8305-b5e884841df8\/\" class=\"wp-image-81357\" srcset=\"https:\/\/plataformanoticias.mx\/wp-content\/uploads\/2022\/09\/DB022B50-8A02-4B25-8305-B5E884841DF8-1024x768.jpeg 1024w, https:\/\/plataformanoticias.mx\/wp-content\/uploads\/2022\/09\/DB022B50-8A02-4B25-8305-B5E884841DF8-300x225.jpeg 300w, https:\/\/plataformanoticias.mx\/wp-content\/uploads\/2022\/09\/DB022B50-8A02-4B25-8305-B5E884841DF8-768x576.jpeg 768w, https:\/\/plataformanoticias.mx\/wp-content\/uploads\/2022\/09\/DB022B50-8A02-4B25-8305-B5E884841DF8.jpeg 1080w\" sizes=\"auto, (max-width: 1024px) 100vw, 1024px\" \/><\/figure><\/li><\/ul><\/figure>\n\n\n\n<p><strong>Ejido Mochis, Ahome, Sin.-<\/strong> Al realizar una actividad m\u00e1s en beneficio de los habitantes de esta localidad, el dirigente del Comit\u00e9 Municipal del PRI, C\u00e9sar Emiliano Gerardo, destac\u00f3 que el partido ha intensificado su trabajo social cuya \u00fanica finalidad es y seguir\u00e1 siendo mejorar la calidad de vida de los ahomenses, sobre todo de aquellos cuya situaci\u00f3n econ\u00f3mica sea complicada.<\/p>\n\n\n\n<p>De esta forma, el Presidente del PRI en Ahome, asi como su Secretaria General Santa Obidia Meza, llevaron una Jornada m\u00e1s de Salud Visual, la cual asisti\u00f3 de forma gratuita a m\u00e1s de 180 personas con deficiencia en sus ojos, a quienes adem\u00e1s del estudio se les otorg\u00f3 lentes.<\/p>\n\n\n\n<p>&#8220;Nuestros programas sociales implementados por el PRI, se han consolidado en un partido de trabajo y gestion para la ciudadan\u00eda en general, que mira con buenos ojos la labor de este mismo en los diversos rincones de la geograf\u00eda ahomense&#8221;, expres\u00f3 el dirigente pri\u00edsta.<\/p>\n\n\n\n<figure class=\"wp-block-image size-large\"><img loading=\"lazy\" decoding=\"async\" width=\"1000\" height=\"750\" src=\"https:\/\/plataformanoticias.mx\/wp-content\/uploads\/2022\/09\/5B064272-CC7A-4FE3-8FE8-A2C570921568.jpeg\" alt=\"\" class=\"wp-image-81352\" srcset=\"https:\/\/plataformanoticias.mx\/wp-content\/uploads\/2022\/09\/5B064272-CC7A-4FE3-8FE8-A2C570921568.jpeg 1000w, https:\/\/plataformanoticias.mx\/wp-content\/uploads\/2022\/09\/5B064272-CC7A-4FE3-8FE8-A2C570921568-300x225.jpeg 300w, https:\/\/plataformanoticias.mx\/wp-content\/uploads\/2022\/09\/5B064272-CC7A-4FE3-8FE8-A2C570921568-768x576.jpeg 768w\" sizes=\"auto, (max-width: 1000px) 100vw, 1000px\" \/><\/figure>\n\n\n\n<p>Reiter\u00f3 que el PRI en Ahome trabaja los 365 d\u00eda del a\u00f1o, en favor de las causas m\u00e1s sensibles de la sociedad ahomense, llevando entre sus diversos programas las Jornadas Visuales, Jornadas de Atenci\u00f3n M\u00e9dica Gratuita, Loter\u00edas para madres de familia y Cines M\u00f3viles para el esparcimiento y beneficio de chicos y grandes.<\/p>\n\n\n\n<p>Asimismo indic\u00f3 que los priistas contin\u00faan fortaleciendo tambi\u00e9n sus lazos con la militancia, con los sectores, organizaciones, simpatizantes y l\u00edderes regionales.<\/p>\n\n\n\n<p>&#8220;Nuestro trabajo esta a la vista de todos, lo pueden ver en los diferentes medios de comunicaci\u00f3n y redes sociales, siempre en beneficio de la ciudadan\u00eda, pese a que no somos ni gobierno municipal, estatal y federal, continuaremos tendiendo la mano a la gente, quienes lo han visto con buenos ojos.<\/p>\n","protected":false},"excerpt":{"rendered":"<p>&#8211; &#8220;Continuamos llevando nuestros programas de asistencia social a las comunidades y colonias populares del municipio&#8221;: C\u00e9sar Emiliano Gerardo Ejido Mochis, Ahome, Sin.- Al realizar una actividad m\u00e1s en beneficio de los habitantes de esta localidad, el dirigente del Comit\u00e9 Municipal del PRI, C\u00e9sar Emiliano Gerardo, destac\u00f3 que el partido ha intensificado su trabajo social<\/p>\n","protected":false},"author":6,"featured_media":81351,"comment_status":"closed","ping_status":"closed","sticky":false,"template":"","format":"standard","meta":{"footnotes":""},"categories":[31],"tags":[],"class_list":["post-81349","post","type-post","status-publish","format-standard","has-post-thumbnail","hentry","category-politica"],"_links":{"self":[{"href":"https:\/\/plataformanoticias.mx\/index.php?rest_route=\/wp\/v2\/posts\/81349","targetHints":{"allow":["GET"]}}],"collection":[{"href":"https:\/\/plataformanoticias.mx\/index.php?rest_route=\/wp\/v2\/posts"}],"about":[{"href":"https:\/\/plataformanoticias.mx\/index.php?rest_route=\/wp\/v2\/types\/post"}],"author":[{"embeddable":true,"href":"https:\/\/plataformanoticias.mx\/index.php?rest_route=\/wp\/v2\/users\/6"}],"replies":[{"embeddable":true,"href":"https:\/\/plataformanoticias.mx\/index.php?rest_route=%2Fwp%2Fv2%2Fcomments&post=81349"}],"version-history":[{"count":3,"href":"https:\/\/plataformanoticias.mx\/index.php?rest_route=\/wp\/v2\/posts\/81349\/revisions"}],"predecessor-version":[{"id":81359,"href":"https:\/\/plataformanoticias.mx\/index.php?rest_route=\/wp\/v2\/posts\/81349\/revisions\/81359"}],"wp:featuredmedia":[{"embeddable":true,"href":"https:\/\/plataformanoticias.mx\/index.php?rest_route=\/wp\/v2\/media\/81351"}],"wp:attachment":[{"href":"https:\/\/plataformanoticias.mx\/index.php?rest_route=%2Fwp%2Fv2%2Fmedia&parent=81349"}],"wp:term":[{"taxonomy":"category","embeddable":true,"href":"https:\/\/plataformanoticias.mx\/index.php?rest_route=%2Fwp%2Fv2%2Fcategories&post=81349"},{"taxonomy":"post_tag","embeddable":true,"href":"https:\/\/plataformanoticias.mx\/index.php?rest_route=%2Fwp%2Fv2%2Ftags&post=81349"}],"curies":[{"name":"wp","href":"https:\/\/api.w.org\/{rel}","templated":true}]}}