{"id":81361,"date":"2022-09-13T11:23:44","date_gmt":"2022-09-13T18:23:44","guid":{"rendered":"https:\/\/plataformanoticias.mx\/?p=81361"},"modified":"2022-09-13T11:23:45","modified_gmt":"2022-09-13T18:23:45","slug":"autoridades-y-ciudadanos-realizan-ceremonia-civica-por-el-175-aniversario-de-la-gesta-heroica-de-los-ninos-heroes","status":"publish","type":"post","link":"https:\/\/plataformanoticias.mx\/?p=81361","title":{"rendered":"Autoridades y ciudadanos realizan ceremonia c\u00edvica por el 175 aniversario de la Gesta Heroica de los Ni\u00f1os H\u00e9roes."},"content":{"rendered":"\n<p><strong><em>*Las actividades estuvieron encabezadas por el Secretario del\nAyuntamiento Genaro Garc\u00eda Castro, en representaci\u00f3n del Alcalde Gerardo Vargas\nLanderos, y por el comandante del 89 Batall\u00f3n de Infanter\u00eda Rogelio Carrera\nS\u00e1mano, entre otros invitados especiales\u2026<\/em><\/strong><\/p>\n\n\n\n<p><strong>Los Mochis, Ahome, Sinaloa.- <\/strong>Para conmemorar la Gesta Heroica del 175 Aniversario de los Ni\u00f1os H\u00e9roes de Chapultepec, autoridades municipales, civiles, militares, educativas, estudiantes y ciudadanos, se reunieron en Palacio Municipal y el Parque 13 de Septiembre de Los Mochis, para realizar ceremonia c\u00edvica, guardia y ofrenda de honor en memoria de los h\u00e9roes mexicanos.<\/p>\n\n\n\n<p>Las actividades estuvieron encabezadas por el Secretario del Ayuntamiento de Ahome, Genaro Garc\u00eda Castro, con la representaci\u00f3n del Alcalde Gerardo Vargas Landeros, acompa\u00f1ado de los comandantes del 89 Batall\u00f3n de Infanter\u00eda Rogelio Carrera S\u00e1mano y el de la Guardia Nacional en la localidad, Jos\u00e9 \u00c1ngel Lucas Doroteo, as\u00ed como el Jefe de Los Servicios de Educaci\u00f3n Alejandro Brito, entre otros invitados especiales, principalmente estudiantes de instituciones p\u00fablicas de la localidad y funcionarios de gobierno.<\/p>\n\n\n\n<p><img loading=\"lazy\" decoding=\"async\" width=\"1280\" height=\"853\" class=\"wp-image-81363\" style=\"width: 650px\" src=\"https:\/\/plataformanoticias.mx\/wp-content\/uploads\/2022\/09\/a098c6fc-d575-46bd-8b31-8503961405c6.jpg\" alt=\"\" srcset=\"https:\/\/plataformanoticias.mx\/wp-content\/uploads\/2022\/09\/a098c6fc-d575-46bd-8b31-8503961405c6.jpg 1280w, https:\/\/plataformanoticias.mx\/wp-content\/uploads\/2022\/09\/a098c6fc-d575-46bd-8b31-8503961405c6-300x200.jpg 300w, https:\/\/plataformanoticias.mx\/wp-content\/uploads\/2022\/09\/a098c6fc-d575-46bd-8b31-8503961405c6-1024x682.jpg 1024w, https:\/\/plataformanoticias.mx\/wp-content\/uploads\/2022\/09\/a098c6fc-d575-46bd-8b31-8503961405c6-768x512.jpg 768w\" sizes=\"auto, (max-width: 1280px) 100vw, 1280px\" \/><\/p>\n\n\n\n<p>La ceremonia inici\u00f3 con izamiento de Bandera a media\nasta en la Plaza C\u00edvica de Palacio Municipal, de donde los invitados se\ntrasladaron al monumento a Los Ni\u00f1os H\u00e9roes de Chapultepec, en el Parque 13 de\nSeptiembre.<\/p>\n\n\n\n<p>Ah\u00ed, el comandante del 89 Batall\u00f3n de Infanter\u00eda Rogelio Carrera S\u00e1mano, emiti\u00f3 un mensaje en el que resalt\u00f3 la importancia de la fecha en que se conmemora el 175 aniversario de la Gesta Heroica de Los Ni\u00f1os H\u00e9roes de Chapultepec: Juan de La Barrera, Juan Escutia, Agust\u00edn Melgar, Vicente Su\u00e1rez, Fernando Montes de Oca, Francisco M\u00e1rquez, Jos\u00e9 Azueta y Virgilio Uribe.<img loading=\"lazy\" decoding=\"async\" width=\"1280\" height=\"853\" class=\"wp-image-81364\" style=\"width: 650px\" src=\"https:\/\/plataformanoticias.mx\/wp-content\/uploads\/2022\/09\/c600fb44-f49c-472f-ac04-4b3724999584.jpg\" alt=\"\" srcset=\"https:\/\/plataformanoticias.mx\/wp-content\/uploads\/2022\/09\/c600fb44-f49c-472f-ac04-4b3724999584.jpg 1280w, https:\/\/plataformanoticias.mx\/wp-content\/uploads\/2022\/09\/c600fb44-f49c-472f-ac04-4b3724999584-300x200.jpg 300w, https:\/\/plataformanoticias.mx\/wp-content\/uploads\/2022\/09\/c600fb44-f49c-472f-ac04-4b3724999584-1024x682.jpg 1024w, https:\/\/plataformanoticias.mx\/wp-content\/uploads\/2022\/09\/c600fb44-f49c-472f-ac04-4b3724999584-768x512.jpg 768w\" sizes=\"auto, (max-width: 1280px) 100vw, 1280px\" \/><\/p>\n\n\n\n<p>\u201cLa intenci\u00f3n de esta ceremonia es reflexionar sobre\nlo que es M\u00e9xico, lo que somos los mexicanos, lo que estamos haciendo y sobre a\nd\u00f3nde queremos ir\u201d.<\/p>\n\n\n\n<p>En memoria de los h\u00e9roes mexicanos, las autoridades\ncolocaron ofrenda floral y montaron guardia de honor, engalanados con las notas\nde la Banda de Guerra de la SEDENA y la presencia de la Escolta de dicha\ninstituci\u00f3n marcial, quienes adem\u00e1s entonaron Toque de Silencio y ejecutaron\nSalva de Honor, durante el pase de lista de los h\u00e9roes.<\/p>\n","protected":false},"excerpt":{"rendered":"<p>*Las actividades estuvieron encabezadas por el Secretario del Ayuntamiento Genaro Garc\u00eda Castro, en representaci\u00f3n del Alcalde Gerardo Vargas Landeros, y por el comandante del 89 Batall\u00f3n de Infanter\u00eda Rogelio Carrera S\u00e1mano, entre otros invitados especiales\u2026 Los Mochis, Ahome, Sinaloa.- Para conmemorar la Gesta Heroica del 175 Aniversario de los Ni\u00f1os H\u00e9roes de Chapultepec, autoridades municipales,<\/p>\n","protected":false},"author":6,"featured_media":81365,"comment_status":"closed","ping_status":"closed","sticky":false,"template":"","format":"standard","meta":{"footnotes":""},"categories":[38],"tags":[],"class_list":["post-81361","post","type-post","status-publish","format-standard","has-post-thumbnail","hentry","category-locales"],"_links":{"self":[{"href":"https:\/\/plataformanoticias.mx\/index.php?rest_route=\/wp\/v2\/posts\/81361","targetHints":{"allow":["GET"]}}],"collection":[{"href":"https:\/\/plataformanoticias.mx\/index.php?rest_route=\/wp\/v2\/posts"}],"about":[{"href":"https:\/\/plataformanoticias.mx\/index.php?rest_route=\/wp\/v2\/types\/post"}],"author":[{"embeddable":true,"href":"https:\/\/plataformanoticias.mx\/index.php?rest_route=\/wp\/v2\/users\/6"}],"replies":[{"embeddable":true,"href":"https:\/\/plataformanoticias.mx\/index.php?rest_route=%2Fwp%2Fv2%2Fcomments&post=81361"}],"version-history":[{"count":1,"href":"https:\/\/plataformanoticias.mx\/index.php?rest_route=\/wp\/v2\/posts\/81361\/revisions"}],"predecessor-version":[{"id":81366,"href":"https:\/\/plataformanoticias.mx\/index.php?rest_route=\/wp\/v2\/posts\/81361\/revisions\/81366"}],"wp:featuredmedia":[{"embeddable":true,"href":"https:\/\/plataformanoticias.mx\/index.php?rest_route=\/wp\/v2\/media\/81365"}],"wp:attachment":[{"href":"https:\/\/plataformanoticias.mx\/index.php?rest_route=%2Fwp%2Fv2%2Fmedia&parent=81361"}],"wp:term":[{"taxonomy":"category","embeddable":true,"href":"https:\/\/plataformanoticias.mx\/index.php?rest_route=%2Fwp%2Fv2%2Fcategories&post=81361"},{"taxonomy":"post_tag","embeddable":true,"href":"https:\/\/plataformanoticias.mx\/index.php?rest_route=%2Fwp%2Fv2%2Ftags&post=81361"}],"curies":[{"name":"wp","href":"https:\/\/api.w.org\/{rel}","templated":true}]}}